{"id":738247,"date":"2026-09-02T20:48:44","date_gmt":"2026-09-03T02:48:44","guid":{"rendered":"https:\/\/www.diarioimagen.net\/?p=738247"},"modified":"2026-09-02T20:48:44","modified_gmt":"2026-09-03T02:48:44","slug":"csp-resalta-la-aprobacion-de-27-reformas-que-recuperan-el-sentido-social-y-la-soberania","status":"publish","type":"post","link":"https:\/\/www.diarioimagen.net\/?p=738247","title":{"rendered":"CSP resalta la aprobaci\u00f3n de  27 reformas que recuperan  el sentido social y la soberan\u00eda"},"content":{"rendered":"<p>&nbsp;<\/p>\n<p>&nbsp;<\/p>\n<ul>\n<li><strong>En 2 a\u00f1os de gobierno<\/strong><\/li>\n<li><strong>Se refleja el cambio profundo que vive M\u00e9xico con la Cuarta Transformaci\u00f3n de la vida p\u00fablica, se\u00f1ala<\/strong><\/li>\n<\/ul>\n<p>&nbsp;<\/p>\n<div id=\"attachment_738248\" style=\"width: 415px\" class=\"wp-caption alignnone\"><img loading=\"lazy\" decoding=\"async\" aria-describedby=\"caption-attachment-738248\" class=\"wp-image-738248 size-large\" src=\"https:\/\/www.diarioimagen.net\/wp-content\/uploads\/2026\/09\/MANANERA-ok-405x270.jpg\" alt=\"\" width=\"405\" height=\"270\" srcset=\"https:\/\/www.diarioimagen.net\/wp-content\/uploads\/2026\/09\/MANANERA-ok-405x270.jpg 405w, https:\/\/www.diarioimagen.net\/wp-content\/uploads\/2026\/09\/MANANERA-ok-240x160.jpg 240w, https:\/\/www.diarioimagen.net\/wp-content\/uploads\/2026\/09\/MANANERA-ok-768x513.jpg 768w, https:\/\/www.diarioimagen.net\/wp-content\/uploads\/2026\/09\/MANANERA-ok.jpg 1500w\" sizes=\"auto, (max-width: 405px) 100vw, 405px\" \/><p id=\"caption-attachment-738248\" class=\"wp-caption-text\">Claudia Sheinbaum Pardo resalt\u00f3 que en dos a\u00f1os de gobierno se han aprobado 27 reformas constitucionales y 76 reformas legales con el objetivo de recuperar el sentido social y la soberan\u00eda en la Constituci\u00f3n<\/p><\/div>\n<p>La presidenta Claudia Sheinbaum Pardo resalt\u00f3 que en dos a\u00f1os de gobierno se han aprobado 27 reformas constitucionales y 76 reformas legales con el objetivo de recuperar el sentido social y la soberan\u00eda en la Constituci\u00f3n, lo que es fundamental para el presente y el futuro del pa\u00eds, adem\u00e1s de que refleja el cambio profundo que vive M\u00e9xico con la Cuarta Transformaci\u00f3n de la vida p\u00fablica.<\/p>\n<p>\u201cAhora con la Cuarta Transformaci\u00f3n el objetivo es recuperar el sentido social en la Constituci\u00f3n. Incluso va m\u00e1s all\u00e1, porque el reconocimiento de los pueblos ind\u00edgenas no se da ni en la Constituci\u00f3n del 24, ni en la del 57, ni en la del 17, es hasta la reforma del 2024 que se reconoce plenamente los derechos de los pueblos ind\u00edgenas y afromexicanos. Y todas estas reformas han tenido el objetivo de recuperar en buena medida el sentido social de la Constituci\u00f3n, la democracia porque tambi\u00e9n se avanza en la democracia al elegir a las ministras, ministros y jueces, porque es el pueblo quien los decide.<\/p>\n<p>\u201cY tambi\u00e9n la recuperaci\u00f3n de la soberan\u00eda en muchos sentidos, porque poco a poco, se fue nuevamente la Constituci\u00f3n y las leyes orientando hacia derechos como mercanc\u00edas y recursos naturales entregados a privados y extranjeros. Entonces, la Cuarta Transformaci\u00f3n tiene hoy una nueva norma constitucional que echa para atr\u00e1s una buena parte de las reformas del neoliberalismo y que recupera soberan\u00eda, avanza en la democracia, el reconocimiento de los pueblos y derechos sociales: la vivienda, la salud, la educaci\u00f3n y los programas de bienestar. Es un cambio profundo el que ha ocurrido en M\u00e9xico que se refleja en cambios constitucionales y legales fundamentales para el presente y el futuro del pa\u00eds\u201d, puntualiz\u00f3 en la conferencia matutina: \u201cLas ma\u00f1aneras del pueblo\u201d.<\/p>\n<p>Destac\u00f3 que durante el periodo neoliberal se realizaron modificaciones constitucionales que impulsaron la privatizaci\u00f3n y retrocedieron las conquistas sociales del pueblo de M\u00e9xico, por ello las reformas constitucionales y legales hechas representan la recuperaci\u00f3n del sentido social de la Constituci\u00f3n.<\/p>\n<p>La Presidenta adelant\u00f3 que la pr\u00f3xima semana se presentar\u00e1 el Paquete Econ\u00f3mico 2027, as\u00ed como una serie de reformas en asuntos econ\u00f3micos para ayudar a las micro y peque\u00f1as empresas y para fortalecer la econom\u00eda digital.<\/p>\n<p>La consejera jur\u00eddica del Ejecutivo Federal, Luisa Mar\u00eda Alcalde Luj\u00e1n, detall\u00f3 que las reformas realizadas en este periodo se engloban en los siguientes ejes:<\/p>\n<ul>\n<li>Soberan\u00eda nacional y recuperaci\u00f3n de la rector\u00eda del Estado sobre sus sectores estrat\u00e9gicos (Pemex, CFE y Trenes de pasajeros) y recursos naturales.<\/li>\n<li>El fortalecimiento de la democracia y la austeridad republicana:.<\/li>\n<li>Seguridad, combate a la impunidad y acceso a la justicia.<\/li>\n<li>Bienestar y Prosperidad Compartida.<\/li>\n<li>Derechos de Mujeres, Ni\u00f1ez e Ind\u00edgenas.<\/li>\n<\/ul>\n<p>&nbsp;<\/p>\n<p>&nbsp;<\/p>\n<p>&nbsp;<\/p>\n<p>&nbsp;<\/p>\n<p><strong>\u201cInjerencia de EU para dividir a gabinete de seguridad\u201d<\/strong><\/p>\n<p>&nbsp;<\/p>\n<p>&nbsp;<\/p>\n<p>Claudia Sheinbaum acus\u00f3 a Estados Unidos de recurrir a t\u00e1cticas de \u201cinjerencia\u201d para dividir a su gabinete de seguridad e influir en los procesos electorales mediante elogios p\u00fablicos a integrantes de su Gobierno, como el secretario de Seguridad, Omar Garc\u00eda Harfuch, y advertencias a otros.<\/p>\n<p>La mandataria afirm\u00f3 que estas pr\u00e1cticas buscan generar divisiones internas y debilitar a \u201cgobiernos independientes, que defendemos la soberan\u00eda\u201d.<\/p>\n<p>Las declaraciones ocurren semanas despu\u00e9s de que el director de la Administraci\u00f3n para el Control de Drogas de Estados Unidos (DEA), Terrance Cole, calificara a Garc\u00eda Harfuch como un \u201csocio de confianza\u201d y \u201cun buen amigo\u201d durante una conferencia internacional sobre drogas en Buenos Aires.<\/p>\n<p>Los elogios se produjeron adem\u00e1s en un contexto de fricci\u00f3n bilateral por la revocaci\u00f3n de visados estadounidenses a diversos gobernadores e integrantes del oficialismo mexicano.<\/p>\n<p>\u201cPiensan que por hablar bien de uno y mal de otros van a generar divisi\u00f3n, pero fracasan en eso porque hay mucha coordinaci\u00f3n y mucho patriotismo de todos en la defensa de M\u00e9xico\u201d, enfatiz\u00f3 Sheinbaum.<\/p>\n<p>La mandataria sostuvo que generar divisiones \u201cal interior del gabinete de seguridad\u201d y del Gobierno federal forma parte de las \u201ct\u00e1cticas\u201d de injerencia, aunque defendi\u00f3 la coordinaci\u00f3n existente entre las autoridades de seguridad de ambos pa\u00edses.<\/p>\n<p>&nbsp;<\/p>\n<p>&nbsp;<\/p>\n","protected":false},"excerpt":{"rendered":"<p>&nbsp; &nbsp; En 2 a\u00f1os de gobierno Se refleja el cambio profundo que vive M\u00e9xico con la Cuarta Transformaci\u00f3n de la vida p\u00fablica, se\u00f1ala &nbsp; La presidenta Claudia Sheinbaum Pardo resalt\u00f3 que en dos a\u00f1os de gobierno se han aprobado 27 reformas constitucionales y 76 reformas legales con el objetivo de recuperar el sentido social [&hellip;]<\/p>\n","protected":false},"author":14,"featured_media":738248,"comment_status":"open","ping_status":"open","sticky":false,"template":"","format":"standard","meta":{"_monsterinsights_skip_tracking":false,"footnotes":""},"categories":[3],"tags":[],"class_list":["post-738247","post","type-post","status-publish","format-standard","has-post-thumbnail","hentry","category-nacional"],"_links":{"self":[{"href":"https:\/\/www.diarioimagen.net\/index.php?rest_route=\/wp\/v2\/posts\/738247","targetHints":{"allow":["GET"]}}],"collection":[{"href":"https:\/\/www.diarioimagen.net\/index.php?rest_route=\/wp\/v2\/posts"}],"about":[{"href":"https:\/\/www.diarioimagen.net\/index.php?rest_route=\/wp\/v2\/types\/post"}],"author":[{"embeddable":true,"href":"https:\/\/www.diarioimagen.net\/index.php?rest_route=\/wp\/v2\/users\/14"}],"replies":[{"embeddable":true,"href":"https:\/\/www.diarioimagen.net\/index.php?rest_route=%2Fwp%2Fv2%2Fcomments&post=738247"}],"version-history":[{"count":1,"href":"https:\/\/www.diarioimagen.net\/index.php?rest_route=\/wp\/v2\/posts\/738247\/revisions"}],"predecessor-version":[{"id":738249,"href":"https:\/\/www.diarioimagen.net\/index.php?rest_route=\/wp\/v2\/posts\/738247\/revisions\/738249"}],"wp:featuredmedia":[{"embeddable":true,"href":"https:\/\/www.diarioimagen.net\/index.php?rest_route=\/wp\/v2\/media\/738248"}],"wp:attachment":[{"href":"https:\/\/www.diarioimagen.net\/index.php?rest_route=%2Fwp%2Fv2%2Fmedia&parent=738247"}],"wp:term":[{"taxonomy":"category","embeddable":true,"href":"https:\/\/www.diarioimagen.net\/index.php?rest_route=%2Fwp%2Fv2%2Fcategories&post=738247"},{"taxonomy":"post_tag","embeddable":true,"href":"https:\/\/www.diarioimagen.net\/index.php?rest_route=%2Fwp%2Fv2%2Ftags&post=738247"}],"curies":[{"name":"wp","href":"https:\/\/api.w.org\/{rel}","templated":true}]}}