{"id":738253,"date":"2026-09-02T20:55:28","date_gmt":"2026-09-03T02:55:28","guid":{"rendered":"https:\/\/www.diarioimagen.net\/?p=738253"},"modified":"2026-09-02T20:55:28","modified_gmt":"2026-09-03T02:55:28","slug":"acuerdo-con-estados-demandantes-en-eu","status":"publish","type":"post","link":"https:\/\/www.diarioimagen.net\/?p=738253","title":{"rendered":"Acuerdo con estados demandantes en EU"},"content":{"rendered":"<p>&nbsp;<\/p>\n<ul>\n<li><strong>\u201cToque de queda digital\u201d: Meta limitar\u00e1 Instagram y Facebook a menores<\/strong><\/li>\n<li><strong>\u00a0Las restricciones para los j\u00f3venes, que podr\u00edan alcanzar a M\u00e9xico, contemplan l\u00edmite de uso diario y el bloqueo nocturno<\/strong><\/li>\n<\/ul>\n<div id=\"attachment_738254\" style=\"width: 415px\" class=\"wp-caption alignnone\"><img loading=\"lazy\" decoding=\"async\" aria-describedby=\"caption-attachment-738254\" class=\"wp-image-738254 size-large\" src=\"https:\/\/www.diarioimagen.net\/wp-content\/uploads\/2026\/09\/RESTRICCIONES-OK-405x270.jpg\" alt=\"\" width=\"405\" height=\"270\" srcset=\"https:\/\/www.diarioimagen.net\/wp-content\/uploads\/2026\/09\/RESTRICCIONES-OK-405x270.jpg 405w, https:\/\/www.diarioimagen.net\/wp-content\/uploads\/2026\/09\/RESTRICCIONES-OK-240x160.jpg 240w, https:\/\/www.diarioimagen.net\/wp-content\/uploads\/2026\/09\/RESTRICCIONES-OK-768x512.jpg 768w, https:\/\/www.diarioimagen.net\/wp-content\/uploads\/2026\/09\/RESTRICCIONES-OK-1536x1024.jpg 1536w, https:\/\/www.diarioimagen.net\/wp-content\/uploads\/2026\/09\/RESTRICCIONES-OK.jpg 1575w\" sizes=\"auto, (max-width: 405px) 100vw, 405px\" \/><p id=\"caption-attachment-738254\" class=\"wp-caption-text\">Meta deber\u00e1 cambiar Instagram y Facebook para limitar el uso adolescente en Estados Unidos, tras un acuerdo con estados que cuestionaron dise\u00f1os asociados al consumo compulsivo.<\/p><\/div>\n<p>Tras haber alcanzado un acuerdo monetario con estados demandantes en los Estados Unidos, por sus dise\u00f1os asociados al consumo compulsivo, las plataformas de redes sociales, Facebook e Instagram deber\u00e1n de aplicar una serie de medidas de seguridad con el fin de proteger la seguridad, tanto f\u00edsica como emocional, de los usuarios menores de edad.<br \/>\nDentro de las nuevas restricciones para el uso de las apps en adolescentes, Meta acord\u00f3 implementar limitaciones de uso, como bloqueo nocturno y l\u00edmite de tiempo diario; restricciones de contenido y uso de filtros, feeds personalizados y medidas m\u00e1s importantes de verificaci\u00f3n de edad.<br \/>\nLas medidas tambi\u00e9n buscar\u00edan limitar el uso de cuentas secundarias y perfiles falsos, una v\u00eda por la que los adolescentes podr\u00edan esquivar restricciones de tiempo o edad.<\/p>\n<p>Los likes estar\u00e1n ocultos por defecto<\/p>\n<p>Las m\u00e9tricas de popularidad tambi\u00e9n cambiar\u00e1n para los menores. Meta contempla ocultar de manera predeterminada el n\u00famero de \u2018me gusta\u2019 en las publicaciones realizadas por adolescentes.<br \/>\nLa compa\u00f1\u00eda busca as\u00ed reducir la presi\u00f3n social asociada a las m\u00e9tricas p\u00fablicas. Los j\u00f3venes podr\u00e1n seguir interactuando con las publicaciones, pero la cantidad de likes tendr\u00e1 una menor exposici\u00f3n que en las cuentas de adultos.<br \/>\nLa l\u00f3gica detr\u00e1s de esta modificaci\u00f3n es reducir uno de los elementos que hist\u00f3ricamente ha generado comparaci\u00f3n social dentro de las redes.<\/p>\n<p>Los padres tendr\u00e1n m\u00e1s herramientas de control<\/p>\n<p>El nuevo esquema tambi\u00e9n incrementar\u00e1 la participaci\u00f3n de los padres en la gesti\u00f3n de las cuentas adolescentes.<br \/>\nAdem\u00e1s de necesitar autorizaci\u00f3n para ampliar determinados l\u00edmites de uso, los padres podr\u00e1n recibir informaci\u00f3n y alertas relacionadas con la actividad de sus hijos. Entre las herramientas contempladas aparece la posibilidad de recibir avisos cuando un adolescente vincule una cuenta secundaria, interact\u00fae con perfiles potencialmente sospechosos o intente modificar determinadas configuraciones de seguridad.<br \/>\nEl desaf\u00edo ser\u00e1 determinar hasta qu\u00e9 punto estas herramientas consiguen reducir el uso excesivo y mejorar la seguridad de los adolescentes sin afectar su capacidad de comunicarse y participar en las plataformas. Para Meta, adem\u00e1s, el acuerdo marca un nuevo escenario: las redes sociales deber\u00e1n adaptarse cada vez m\u00e1s a regulaciones y controles espec\u00edficos cuando sus usuarios son menores de edad.<\/p>\n<p>\u00bfHabr\u00e1 nuevas medidas en M\u00e9xico?<\/p>\n<p>Pese a que las nuevas limitaciones y ajustes en niveles de seguridad para usuarios menores de edad han recibido una respuesta positiva generalizada de padres, organizaciones de salud mental y fiscales generales, la empresa norteamericana no dej\u00f3 claro si las medidas tendr\u00e1n un alcance fuera de los Estados Unidos.<br \/>\nEn ese sentido, las restricciones para los j\u00f3venes, como el nuevo l\u00edmite de uso diario y el bloqueo nocturno, por el momento no tienen una fecha fija para aplicarse en usuarios j\u00f3venes en M\u00e9xico.<br \/>\nLa aplicaci\u00f3n de estas medidas son inicialmente obligatorias \u00fanicamente para los usuarios en Estados Unidos, principalmente debido a que son el resultado del hist\u00f3rico acuerdo judicial con 52 fiscales generales de este pa\u00eds.<br \/>\nSeg\u00fan el acuerdo, Meta tiene como plazo l\u00edmite los pr\u00f3ximos seis meses para activar la mayor\u00eda de las restricciones principales por defecto en Estados Unidos. Por otro lado, el acuerdo fij\u00f3 a la compa\u00f1\u00eda un tiempo de 1 a\u00f1o para aplicar los cambios estructurales m\u00e1s complejos y estrictos, tales como el sistema de verificaci\u00f3n de edad basado en IA.<br \/>\nA pesar de que la aplicaci\u00f3n sea obligatoria \u00fanicamente para los Estados Unidos, Meta ha expresado que algunas de sus funciones de seguridad en cuentas para usuarios menores de edad se expandir\u00e1n de forma progresiva a nivel global.<\/p>\n<p>Medidas que se aplicar\u00e1 a usuarios menores<\/p>\n<p>Dentro de las medidas aceptadas por Meta para llegar a un acuerdo con los estados demandantes, la empresa implementar\u00e1 una serie de medidas dentro de sus aplicaciones que logren evitar poner en riesgo de una posible adicci\u00f3n a los usuarios menores de edad.<br \/>\nLos cambios afectar\u00e1n el funcionamiento de Facebook e Instagram para menores de edad y entre las principales se encuentran las siguientes:<\/p>\n<p>&#8211; Bloqueo nocturno: Las aplicaciones tendr\u00e1n una restricci\u00f3n por defecto al acceso general y las notificaciones durante la noche a excepci\u00f3n de mensajes directos para usuarios adolescentes. Las cuentas quedar\u00e1n bloqueadas entre 12 AM y 6 AM.<br \/>\n&#8211; Limite de tiempo diario: Las aplicaciones tendr\u00e1n una configuraci\u00f3n por defecto de un tope m\u00e1ximo de dos horas de uso acumulado por d\u00eda en las aplicaciones para menores de edad<br \/>\n&#8211; Modo escolar: Las aplicaciones silenciar\u00e1n sus notificaciones de forma autom\u00e1tica durante horarios de clase abarcando horarios entre las 10 PM y las 7 PM, extendiendo esta restricci\u00f3n al horario escolar durante el a\u00f1o lectivo.<br \/>\n&#8211; Alertas de uso continuo: Las aplicaciones enviar\u00e1n avisos obligatorios tras 15, 60 y 90 minutos de navegaci\u00f3n ininterrumpida para incentivar desconexiones.<br \/>\n&#8211; Restricci\u00f3n de contenido y uso de filtros: Las aplicaciones reforzar\u00e1n herramientas para que los padres puedan supervisar el contenido consumido por sus hijos, adem\u00e1s de ocultar el n\u00famero de reacciones en las publicaciones de los menores. As\u00ed mismo, las aplicaciones prohibir\u00e1n los filtros de belleza en cuentas de adolescentes para reducir el impacto en el autoestima e imagen corporal.<br \/>\n&#8211; Medidas de verificaci\u00f3n de edad y feeds personalizados: Se reforzar\u00e1n los mecanismos que identifican la precisi\u00f3n de la edad de los usuarios utilizando tecnolog\u00eda de Inteligencia Artificial. Adem\u00e1s, los menores podr\u00e1n optar por desactivar los algoritmos para limitar la exposici\u00f3n a recomendaciones dise\u00f1adas para maximizar el tiempo de uso.<\/p>\n<p>&nbsp;<\/p>\n<p>&nbsp;<\/p>\n","protected":false},"excerpt":{"rendered":"<p>&nbsp; \u201cToque de queda digital\u201d: Meta limitar\u00e1 Instagram y Facebook a menores \u00a0Las restricciones para los j\u00f3venes, que podr\u00edan alcanzar a M\u00e9xico, contemplan l\u00edmite de uso diario y el bloqueo nocturno Tras haber alcanzado un acuerdo monetario con estados demandantes en los Estados Unidos, por sus dise\u00f1os asociados al consumo compulsivo, las plataformas de redes [&hellip;]<\/p>\n","protected":false},"author":14,"featured_media":738254,"comment_status":"open","ping_status":"open","sticky":false,"template":"","format":"standard","meta":{"_monsterinsights_skip_tracking":false,"footnotes":""},"categories":[9],"tags":[],"class_list":["post-738253","post","type-post","status-publish","format-standard","has-post-thumbnail","hentry","category-mundo"],"_links":{"self":[{"href":"https:\/\/www.diarioimagen.net\/index.php?rest_route=\/wp\/v2\/posts\/738253","targetHints":{"allow":["GET"]}}],"collection":[{"href":"https:\/\/www.diarioimagen.net\/index.php?rest_route=\/wp\/v2\/posts"}],"about":[{"href":"https:\/\/www.diarioimagen.net\/index.php?rest_route=\/wp\/v2\/types\/post"}],"author":[{"embeddable":true,"href":"https:\/\/www.diarioimagen.net\/index.php?rest_route=\/wp\/v2\/users\/14"}],"replies":[{"embeddable":true,"href":"https:\/\/www.diarioimagen.net\/index.php?rest_route=%2Fwp%2Fv2%2Fcomments&post=738253"}],"version-history":[{"count":1,"href":"https:\/\/www.diarioimagen.net\/index.php?rest_route=\/wp\/v2\/posts\/738253\/revisions"}],"predecessor-version":[{"id":738255,"href":"https:\/\/www.diarioimagen.net\/index.php?rest_route=\/wp\/v2\/posts\/738253\/revisions\/738255"}],"wp:featuredmedia":[{"embeddable":true,"href":"https:\/\/www.diarioimagen.net\/index.php?rest_route=\/wp\/v2\/media\/738254"}],"wp:attachment":[{"href":"https:\/\/www.diarioimagen.net\/index.php?rest_route=%2Fwp%2Fv2%2Fmedia&parent=738253"}],"wp:term":[{"taxonomy":"category","embeddable":true,"href":"https:\/\/www.diarioimagen.net\/index.php?rest_route=%2Fwp%2Fv2%2Fcategories&post=738253"},{"taxonomy":"post_tag","embeddable":true,"href":"https:\/\/www.diarioimagen.net\/index.php?rest_route=%2Fwp%2Fv2%2Ftags&post=738253"}],"curies":[{"name":"wp","href":"https:\/\/api.w.org\/{rel}","templated":true}]}}