{"id":738256,"date":"2026-09-02T20:58:43","date_gmt":"2026-09-03T02:58:43","guid":{"rendered":"https:\/\/www.diarioimagen.net\/?p=738256"},"modified":"2026-09-02T20:58:43","modified_gmt":"2026-09-03T02:58:43","slug":"genocidio-en-iran","status":"publish","type":"post","link":"https:\/\/www.diarioimagen.net\/?p=738256","title":{"rendered":"Genocidio en Ir\u00e1n"},"content":{"rendered":"<p><strong>\u00a0<\/strong><strong>Aunque Pese <\/strong><strong>Salvador Mart\u00ednez G.<\/strong><\/p>\n<p><strong>\u00a0<\/strong><\/p>\n<p><strong>\u00a0<\/strong><\/p>\n<p>La econom\u00eda mundial se sacude nuevamente por el incremento en los precios del petr\u00f3leo, acerc\u00e1ndose a los 100 d\u00f3lares por barril, lo cual perturba a\u00fan m\u00e1s los mercados globales y muy particularmente a Estados Unidos, a dos meses de las elecciones intermedias, las mismas que ponen en riesgo el control absoluto de Donald Trump en el Congreso.<\/p>\n<p>Lo que los iniciadores de la guerra, Israel y Estados Unidos, confiaban terminar en dos semanas con el aniquilamiento de Ir\u00e1n ha rebasado m\u00e1s de medio a\u00f1o y justo esta semana recrudecieron las hostilidades con ataques genocidas por parte de Washington en los que cinco personas murieron junto con un ni\u00f1o de cuatro a\u00f1os, en una boda con 50 heridos m\u00e1s.<\/p>\n<p>No obstante, las amenazas de mayores bombardeos y el incremento de sanciones econ\u00f3micas a Ir\u00e1n, la postura de Teher\u00e1n se mantiene firme en su defensa y, como contraataque, lanz\u00f3 misiles sobre bases militares de EU en ocho naciones de Medio Oriente.<\/p>\n<p>De cualquier forma, el Estrecho de Ormuz est\u00e1 cerrado y las exportaciones de crudo por esta v\u00eda suspendidas, impactando las cotizaciones internacionales con efectos en la inflaci\u00f3n y, en algunos casos, escasez de energ\u00e9ticos<\/p>\n<p>Donald Trump quiz\u00e1 ha valorado mal la resistencia iran\u00ed y la fortaleza imperial de las fuerzas armadas de Estados Unidos, que no han logrado someter a Teher\u00e1n. Lo peor para el presidente convicto es que todo este ambiente de agresi\u00f3n a Ir\u00e1n y otras naciones impacte negativamente para su partido, el Republicano, en las elecciones del 3 de noviembre.<\/p>\n<p>Tendr\u00e1 Trump una carta guardada para estas pr\u00f3ximas semanas o perder\u00e1 el control del Congreso \u00bfUsted qu\u00e9 opina?<\/p>\n<p>&nbsp;<\/p>\n<p>&nbsp;<\/p>\n<p><strong>Susurros<\/strong><\/p>\n<p><strong><em>\u00a0<\/em><\/strong><\/p>\n<p>En su segundo informe de gobierno, la presidenta Claudia Sheinbaum se mostr\u00f3 confiada en el buen transcurso de la econom\u00eda mexicana para el resto del a\u00f1o, con pron\u00f3sticos al alza para el PIB hasta 1.3 por ciento de crecimiento.<\/p>\n<p>Para ello, ofreci\u00f3 disciplina fiscal y no asumir que el desarrollo depende del gasto p\u00fablico.<\/p>\n<p>Hasta ahora, el gobierno de Sheinbaum ha logrado lidiar bien las presiones de Estados Unidos, especialmente las relacionadas con las agresivas pol\u00edticas arancelarias, las cuales no han impedido que las exportaciones nacionales al vecino del norte sigan en aumento.<\/p>\n<p>En lo social, destac\u00f3 el incremento salarial real y sus pol\u00edticas sociales que benefician directamente a m\u00e1s de 30 millones de personas.<\/p>\n<p>Hay rumbo, aunque tambi\u00e9n persiste riesgo.<\/p>\n<p>&nbsp;<\/p>\n<p><a href=\"mailto:salvadormartinez@visionmx.com\"><strong><em>salvadormartinez@visionmx.com<\/em><\/strong><\/a><\/p>\n<p><strong><em>X: @salvador_mtz<\/em><\/strong><\/p>\n<p>&nbsp;<\/p>\n<p>&nbsp;<\/p>\n","protected":false},"excerpt":{"rendered":"<p>\u00a0Aunque Pese Salvador Mart\u00ednez G. \u00a0 \u00a0 La econom\u00eda mundial se sacude nuevamente por el incremento en los precios del petr\u00f3leo, acerc\u00e1ndose a los 100 d\u00f3lares por barril, lo cual perturba a\u00fan m\u00e1s los mercados globales y muy particularmente a Estados Unidos, a dos meses de las elecciones intermedias, las mismas que ponen en riesgo [&hellip;]<\/p>\n","protected":false},"author":14,"featured_media":0,"comment_status":"open","ping_status":"open","sticky":false,"template":"","format":"standard","meta":{"_monsterinsights_skip_tracking":false,"footnotes":""},"categories":[4,96743],"tags":[],"class_list":["post-738256","post","type-post","status-publish","format-standard","hentry","category-opinion","category-salvador-martinez-garcia"],"_links":{"self":[{"href":"https:\/\/www.diarioimagen.net\/index.php?rest_route=\/wp\/v2\/posts\/738256","targetHints":{"allow":["GET"]}}],"collection":[{"href":"https:\/\/www.diarioimagen.net\/index.php?rest_route=\/wp\/v2\/posts"}],"about":[{"href":"https:\/\/www.diarioimagen.net\/index.php?rest_route=\/wp\/v2\/types\/post"}],"author":[{"embeddable":true,"href":"https:\/\/www.diarioimagen.net\/index.php?rest_route=\/wp\/v2\/users\/14"}],"replies":[{"embeddable":true,"href":"https:\/\/www.diarioimagen.net\/index.php?rest_route=%2Fwp%2Fv2%2Fcomments&post=738256"}],"version-history":[{"count":1,"href":"https:\/\/www.diarioimagen.net\/index.php?rest_route=\/wp\/v2\/posts\/738256\/revisions"}],"predecessor-version":[{"id":738257,"href":"https:\/\/www.diarioimagen.net\/index.php?rest_route=\/wp\/v2\/posts\/738256\/revisions\/738257"}],"wp:attachment":[{"href":"https:\/\/www.diarioimagen.net\/index.php?rest_route=%2Fwp%2Fv2%2Fmedia&parent=738256"}],"wp:term":[{"taxonomy":"category","embeddable":true,"href":"https:\/\/www.diarioimagen.net\/index.php?rest_route=%2Fwp%2Fv2%2Fcategories&post=738256"},{"taxonomy":"post_tag","embeddable":true,"href":"https:\/\/www.diarioimagen.net\/index.php?rest_route=%2Fwp%2Fv2%2Ftags&post=738256"}],"curies":[{"name":"wp","href":"https:\/\/api.w.org\/{rel}","templated":true}]}}