{"id":738258,"date":"2026-09-02T21:00:25","date_gmt":"2026-09-03T03:00:25","guid":{"rendered":"https:\/\/www.diarioimagen.net\/?p=738258"},"modified":"2026-09-02T21:00:25","modified_gmt":"2026-09-03T03:00:25","slug":"vive-la-gran-fiesta-de-la-musica-por-canal-5-y-vix","status":"publish","type":"post","link":"https:\/\/www.diarioimagen.net\/?p=738258","title":{"rendered":"Vive la gran fiesta de la  m\u00fasica por Canal 5 y ViX"},"content":{"rendered":"<ul>\n<li><strong>Premios Juventud 2026<\/strong><\/li>\n<li><strong>La conducci\u00f3n estar\u00e1 a cargo de Carlos Arenas, Ximena C\u00f3rdoba y Luciana Sismondi<\/strong><\/li>\n<\/ul>\n<p>&nbsp;<\/p>\n<div id=\"attachment_738259\" style=\"width: 190px\" class=\"wp-caption alignnone\"><img loading=\"lazy\" decoding=\"async\" aria-describedby=\"caption-attachment-738259\" class=\"wp-image-738259 size-large\" src=\"https:\/\/www.diarioimagen.net\/wp-content\/uploads\/2026\/09\/TELEVISA-180x270.jpeg\" alt=\"\" width=\"180\" height=\"270\" srcset=\"https:\/\/www.diarioimagen.net\/wp-content\/uploads\/2026\/09\/TELEVISA-180x270.jpeg 180w, https:\/\/www.diarioimagen.net\/wp-content\/uploads\/2026\/09\/TELEVISA-160x240.jpeg 160w, https:\/\/www.diarioimagen.net\/wp-content\/uploads\/2026\/09\/TELEVISA-768x1152.jpeg 768w, https:\/\/www.diarioimagen.net\/wp-content\/uploads\/2026\/09\/TELEVISA-1024x1536.jpeg 1024w, https:\/\/www.diarioimagen.net\/wp-content\/uploads\/2026\/09\/TELEVISA-1365x2048.jpeg 1365w, https:\/\/www.diarioimagen.net\/wp-content\/uploads\/2026\/09\/TELEVISA-scaled.jpeg 1706w\" sizes=\"auto, (max-width: 180px) 100vw, 180px\" \/><p id=\"caption-attachment-738259\" class=\"wp-caption-text\">Vive la gran fiesta de la<br \/>m\u00fasica por Canal 5 y ViX<\/p><\/div>\n<p>La m\u00fasica latina se viste de gala para celebrar, desde Marbella, Espa\u00f1a, la vig\u00e9simo tercera edici\u00f3n de Premios Juventud, la fiesta que reconoce a lo mejor de la m\u00fasica, la cultura pop y el compromiso social.<\/p>\n<p>Este a\u00f1o el escenario se iluminar\u00e1 con un espectacular despliegue de talento nacional e internacional, con las presentaciones de \u00c1ngela Aguilar, Camilo, Christian Nodal, Eladio Carri\u00f3n, Elvis Crespo, Farruko, Greeicy, Juan Mag\u00e1n, La Oreja de Van Gogh, Manuel Carrasco, Marc Anthony, Mau y Ricky, Santos Bravos, Quevedo, Wisin, Yandel, Natanael Cano, Kenia OS, Kapo y muchas m\u00e1s estrellas de la m\u00fasica.<\/p>\n<p>En la transmisi\u00f3n especial por Canal 5 y ViX, la conducci\u00f3n estar\u00e1 a cargo de Carlos Arenas, Ximena C\u00f3rdoba y Luciana Sismondi, presentando toda la emoci\u00f3n de la alfombra roja y la gala.<\/p>\n<p>La lista de nominaciones la lidera Car\u00edn Le\u00f3n con 9 menciones, seguido por Be\u00e9le, Kany Garc\u00eda y Rauw Alejandro con 7 nominaciones cada uno. Con 6 nominaciones se encuentran Eladio Carri\u00f3n, Farruko, Karol G, Manuel Turizo, Quevedo, Romeo Santos, Shakira y Xavi, entre otros.<\/p>\n<p>&nbsp;<\/p>\n<p>Reconocimiento Agentes de Cambio 2026<\/p>\n<p>Nuevamente Premios Juventud reconoce a figuras internacionales que, por su labor altruista y compromiso social, trascienden el \u00e1mbito musical:<\/p>\n<p>Antonio Banderas, por su Fundaci\u00f3n L\u00e1grimas y Favores y su labor con la Gala Starlite, donde destaca por su inter\u00e9s en temas de educaci\u00f3n y desarrollo comunitario.La Oreja de Van Gogh, por su trayectoria solidaria y que adem\u00e1s celebran 30 a\u00f1os con el regreso de Amaia Montero.<\/p>\n<p>Yandel, \u00edcono del reguet\u00f3n, merece menci\u00f3n especial por su compromiso con las causas sociales, quien ofrecer\u00e1 una presentaci\u00f3n sinf\u00f3nica exclusiva.<\/p>\n<p>Marc Anthony, el \u00edcono de la salsa, regresa al escenario de los Premios Juventud por su destacada labor con las causas sociales y las nuevas generaciones, quien presentar\u00e1 una mezcla con sus grandes \u00e9xitos.<\/p>\n","protected":false},"excerpt":{"rendered":"<p>Premios Juventud 2026 La conducci\u00f3n estar\u00e1 a cargo de Carlos Arenas, Ximena C\u00f3rdoba y Luciana Sismondi &nbsp; La m\u00fasica latina se viste de gala para celebrar, desde Marbella, Espa\u00f1a, la vig\u00e9simo tercera edici\u00f3n de Premios Juventud, la fiesta que reconoce a lo mejor de la m\u00fasica, la cultura pop y el compromiso social. Este a\u00f1o [&hellip;]<\/p>\n","protected":false},"author":14,"featured_media":738259,"comment_status":"open","ping_status":"open","sticky":false,"template":"","format":"standard","meta":{"_monsterinsights_skip_tracking":false,"footnotes":""},"categories":[12],"tags":[],"class_list":["post-738258","post","type-post","status-publish","format-standard","has-post-thumbnail","hentry","category-espectaculos"],"_links":{"self":[{"href":"https:\/\/www.diarioimagen.net\/index.php?rest_route=\/wp\/v2\/posts\/738258","targetHints":{"allow":["GET"]}}],"collection":[{"href":"https:\/\/www.diarioimagen.net\/index.php?rest_route=\/wp\/v2\/posts"}],"about":[{"href":"https:\/\/www.diarioimagen.net\/index.php?rest_route=\/wp\/v2\/types\/post"}],"author":[{"embeddable":true,"href":"https:\/\/www.diarioimagen.net\/index.php?rest_route=\/wp\/v2\/users\/14"}],"replies":[{"embeddable":true,"href":"https:\/\/www.diarioimagen.net\/index.php?rest_route=%2Fwp%2Fv2%2Fcomments&post=738258"}],"version-history":[{"count":1,"href":"https:\/\/www.diarioimagen.net\/index.php?rest_route=\/wp\/v2\/posts\/738258\/revisions"}],"predecessor-version":[{"id":738260,"href":"https:\/\/www.diarioimagen.net\/index.php?rest_route=\/wp\/v2\/posts\/738258\/revisions\/738260"}],"wp:featuredmedia":[{"embeddable":true,"href":"https:\/\/www.diarioimagen.net\/index.php?rest_route=\/wp\/v2\/media\/738259"}],"wp:attachment":[{"href":"https:\/\/www.diarioimagen.net\/index.php?rest_route=%2Fwp%2Fv2%2Fmedia&parent=738258"}],"wp:term":[{"taxonomy":"category","embeddable":true,"href":"https:\/\/www.diarioimagen.net\/index.php?rest_route=%2Fwp%2Fv2%2Fcategories&post=738258"},{"taxonomy":"post_tag","embeddable":true,"href":"https:\/\/www.diarioimagen.net\/index.php?rest_route=%2Fwp%2Fv2%2Ftags&post=738258"}],"curies":[{"name":"wp","href":"https:\/\/api.w.org\/{rel}","templated":true}]}}