{"id":738261,"date":"2026-09-02T21:02:49","date_gmt":"2026-09-03T03:02:49","guid":{"rendered":"https:\/\/www.diarioimagen.net\/?p=738261"},"modified":"2026-09-02T21:02:49","modified_gmt":"2026-09-03T03:02:49","slug":"daira-bautista-estudiante-de-la-uaemex-preserva-las-raices-de-su-pueblo-mazahua","status":"publish","type":"post","link":"https:\/\/www.diarioimagen.net\/?p=738261","title":{"rendered":"Daira Bautista, estudiante de la UAEM\u00e9x, preserva las ra\u00edces de su pueblo mazahua"},"content":{"rendered":"<p>&nbsp;<\/p>\n<ul>\n<li><strong>&#8211; El compromiso de la unibversitaria fue reconocido con el Premio Estatal de la Juventud 2026<\/strong><\/li>\n<\/ul>\n<div id=\"attachment_738262\" style=\"width: 415px\" class=\"wp-caption alignnone\"><img loading=\"lazy\" decoding=\"async\" aria-describedby=\"caption-attachment-738262\" class=\"wp-image-738262 size-large\" src=\"https:\/\/www.diarioimagen.net\/wp-content\/uploads\/2026\/09\/UAEM-1-1-405x270.jpeg\" alt=\"\" width=\"405\" height=\"270\" srcset=\"https:\/\/www.diarioimagen.net\/wp-content\/uploads\/2026\/09\/UAEM-1-1-405x270.jpeg 405w, https:\/\/www.diarioimagen.net\/wp-content\/uploads\/2026\/09\/UAEM-1-1-240x160.jpeg 240w, https:\/\/www.diarioimagen.net\/wp-content\/uploads\/2026\/09\/UAEM-1-1-768x512.jpeg 768w, https:\/\/www.diarioimagen.net\/wp-content\/uploads\/2026\/09\/UAEM-1-1-1536x1023.jpeg 1536w, https:\/\/www.diarioimagen.net\/wp-content\/uploads\/2026\/09\/UAEM-1-1.jpeg 1969w\" sizes=\"auto, (max-width: 405px) 100vw, 405px\" \/><p id=\"caption-attachment-738262\" class=\"wp-caption-text\">Daira Naomi Bautista S\u00e1nchez promueve la ense\u00f1anza de la lengua mazahua, la danza, el bordado y la medicina tradicional para evitar que los saberes ancestrales se pierdan.<\/p><\/div>\n<p>Toluca, M\u00e9x.\u2013 Originaria de San Jos\u00e9 del Rinc\u00f3n, Daira Naomi Bautista S\u00e1nchez encontr\u00f3 en sus ra\u00edces mazahuas mucho m\u00e1s que una herencia familiar: descubri\u00f3 una identidad que decidi\u00f3 preservar, compartir y proyectar hacia las nuevas generaciones.<br \/>\nA sus 17 a\u00f1os, la estudiante de la Licenciatura en Negocios Internacionales Biling\u00fce de la Universidad Aut\u00f3noma del Estado de M\u00e9xico (UAEM\u00e9x) impulsa acciones para mantener vivas la lengua, las tradiciones y los saberes de su pueblo originario.<br \/>\n\u201cPara m\u00ed representa un orgullo ser mazahua y seguir preservando las costumbres y las tradiciones del pueblo, pero tambi\u00e9n compartirlas con m\u00e1s gente\u201d, expres\u00f3.<br \/>\nDesde peque\u00f1a, Daira encontr\u00f3 en sus ra\u00edces una parte esencial de su identidad. Con el paso del tiempo, ese v\u00ednculo con sus antepasados se transform\u00f3 en un compromiso que hoy se refleja en distintos proyectos desarrollados dentro de su comunidad.<br \/>\nClases de lengua mazahua, danza, bordado artesanal y medicina tradicional forman parte de las actividades que realiza junto con su hermana, t\u00edas y primas, con el prop\u00f3sito de evitar que los conocimientos transmitidos de generaci\u00f3n en generaci\u00f3n se pierdan.<br \/>\nEste trabajo le vali\u00f3 el Premio Estatal de la Juventud 2026, en la modalidad \u201cRa\u00edces que inspiran\u201d, otorgado por el Gobierno del Estado de M\u00e9xico, reconocimiento que, adem\u00e1s de distinguir su labor, abri\u00f3 una nueva oportunidad para visibilizar la riqueza cultural de su comunidad.<br \/>\nPara Daira, el premio tambi\u00e9n representa una posibilidad para fortalecer el v\u00ednculo entre quienes han dedicado su vida a preservar las tradiciones y las nuevas generaciones que comienzan a acercarse a sus or\u00edgenes.<br \/>\nSu historia, sin embargo, tambi\u00e9n ha estado acompa\u00f1ada de los desaf\u00edos que implica defender una identidad cultural en espacios donde a\u00fan persisten expresiones de discriminaci\u00f3n y racismo. Frente a estas experiencias, la joven universitaria decidi\u00f3 que ninguna de ellas definir\u00eda su relaci\u00f3n con sus ra\u00edces.<br \/>\nConsciente de que otras y otros j\u00f3venes pertenecientes a comunidades originarias pueden enfrentar dudas o incluso sentir presi\u00f3n para ocultar su identidad, Daira hace un llamado a reconocer las ra\u00edces como una fortaleza.<br \/>\nAsimismo, invit\u00f3 a quienes no pertenecen a un pueblo originario a acercarse a la diversidad cultural que existe en M\u00e9xico y a comprender que las lenguas, tradiciones y conocimientos ind\u00edgenas forman parte de una historia colectiva.<br \/>\n\u201cEntre sus proyectos a futuro se encuentra convertirse en una profesionista capaz de combinar su preparaci\u00f3n universitaria con la preservaci\u00f3n de su identidad cultural. Su objetivo no es alejarse de sus ra\u00edces al incorporarse a nuevos espacios, sino llevarlas consigo y compartirlas m\u00e1s all\u00e1 de su comunidad, en otros estados y pa\u00edses.<br \/>\nCon apenas 17 a\u00f1os, Daira Naomi Bautista S\u00e1nchez demuestra que la juventud universitaria tambi\u00e9n puede convertirse en protagonista de la defensa de la diversidad cultural. Su historia representa la voz de una nueva generaci\u00f3n que reconoce que preservar las ra\u00edces no significa mirar \u00fanicamente hacia el pasado, sino construir, desde ellas, nuevas posibilidades para el futuro.<\/p>\n<p>&nbsp;<\/p>\n","protected":false},"excerpt":{"rendered":"<p>&nbsp; &#8211; El compromiso de la unibversitaria fue reconocido con el Premio Estatal de la Juventud 2026 Toluca, M\u00e9x.\u2013 Originaria de San Jos\u00e9 del Rinc\u00f3n, Daira Naomi Bautista S\u00e1nchez encontr\u00f3 en sus ra\u00edces mazahuas mucho m\u00e1s que una herencia familiar: descubri\u00f3 una identidad que decidi\u00f3 preservar, compartir y proyectar hacia las nuevas generaciones. A sus [&hellip;]<\/p>\n","protected":false},"author":14,"featured_media":738262,"comment_status":"open","ping_status":"open","sticky":false,"template":"","format":"standard","meta":{"_monsterinsights_skip_tracking":false,"footnotes":""},"categories":[16,5],"tags":[],"class_list":["post-738261","post","type-post","status-publish","format-standard","has-post-thumbnail","hentry","category-destacadas","category-estado-de-mexico"],"_links":{"self":[{"href":"https:\/\/www.diarioimagen.net\/index.php?rest_route=\/wp\/v2\/posts\/738261","targetHints":{"allow":["GET"]}}],"collection":[{"href":"https:\/\/www.diarioimagen.net\/index.php?rest_route=\/wp\/v2\/posts"}],"about":[{"href":"https:\/\/www.diarioimagen.net\/index.php?rest_route=\/wp\/v2\/types\/post"}],"author":[{"embeddable":true,"href":"https:\/\/www.diarioimagen.net\/index.php?rest_route=\/wp\/v2\/users\/14"}],"replies":[{"embeddable":true,"href":"https:\/\/www.diarioimagen.net\/index.php?rest_route=%2Fwp%2Fv2%2Fcomments&post=738261"}],"version-history":[{"count":1,"href":"https:\/\/www.diarioimagen.net\/index.php?rest_route=\/wp\/v2\/posts\/738261\/revisions"}],"predecessor-version":[{"id":738263,"href":"https:\/\/www.diarioimagen.net\/index.php?rest_route=\/wp\/v2\/posts\/738261\/revisions\/738263"}],"wp:featuredmedia":[{"embeddable":true,"href":"https:\/\/www.diarioimagen.net\/index.php?rest_route=\/wp\/v2\/media\/738262"}],"wp:attachment":[{"href":"https:\/\/www.diarioimagen.net\/index.php?rest_route=%2Fwp%2Fv2%2Fmedia&parent=738261"}],"wp:term":[{"taxonomy":"category","embeddable":true,"href":"https:\/\/www.diarioimagen.net\/index.php?rest_route=%2Fwp%2Fv2%2Fcategories&post=738261"},{"taxonomy":"post_tag","embeddable":true,"href":"https:\/\/www.diarioimagen.net\/index.php?rest_route=%2Fwp%2Fv2%2Ftags&post=738261"}],"curies":[{"name":"wp","href":"https:\/\/api.w.org\/{rel}","templated":true}]}}