{"id":738264,"date":"2026-09-02T21:04:32","date_gmt":"2026-09-03T03:04:32","guid":{"rendered":"https:\/\/www.diarioimagen.net\/?p=738264"},"modified":"2026-09-02T21:04:32","modified_gmt":"2026-09-03T03:04:32","slug":"envejecer-tambien-es-vivir-uaemex-impulsa-una-nueva-mirada-sobre-la-vejez","status":"publish","type":"post","link":"https:\/\/www.diarioimagen.net\/?p=738264","title":{"rendered":"Envejecer tambi\u00e9n es vivir: UAEM\u00e9x impulsa una nueva mirada sobre la vejez"},"content":{"rendered":"<p>&nbsp;<\/p>\n<div id=\"attachment_738265\" style=\"width: 415px\" class=\"wp-caption alignnone\"><img loading=\"lazy\" decoding=\"async\" aria-describedby=\"caption-attachment-738265\" class=\"wp-image-738265 size-large\" src=\"https:\/\/www.diarioimagen.net\/wp-content\/uploads\/2026\/09\/UAEM-2-405x270.jpg\" alt=\"\" width=\"405\" height=\"270\" srcset=\"https:\/\/www.diarioimagen.net\/wp-content\/uploads\/2026\/09\/UAEM-2-405x270.jpg 405w, https:\/\/www.diarioimagen.net\/wp-content\/uploads\/2026\/09\/UAEM-2-240x160.jpg 240w, https:\/\/www.diarioimagen.net\/wp-content\/uploads\/2026\/09\/UAEM-2-768x512.jpg 768w, https:\/\/www.diarioimagen.net\/wp-content\/uploads\/2026\/09\/UAEM-2-1536x1024.jpg 1536w, https:\/\/www.diarioimagen.net\/wp-content\/uploads\/2026\/09\/UAEM-2.jpg 1969w\" sizes=\"auto, (max-width: 405px) 100vw, 405px\" \/><p id=\"caption-attachment-738265\" class=\"wp-caption-text\">La geront\u00f3loga Itzayana M\u00e9ndez Ram\u00edrez beneficios \u00a0del taller \u201cConectando especialidades: la visi\u00f3n gerontol\u00f3gica en el equipo multidisciplinario de salud\u201d.<\/p><\/div>\n<p>Toluca, M\u00e9x.\u2013 El envejecimiento de la poblaci\u00f3n plantea nuevos retos para los sistemas de salud y para la formaci\u00f3n de profesionales capaces de atender las necesidades de las personas adultas mayores desde una perspectiva integral. Ante este panorama, la Universidad Aut\u00f3noma del Estado de M\u00e9xico (UAEM\u00e9x), a trav\u00e9s de la Cl\u00ednica Multidisciplinaria de Salud (CMS), realizar\u00e1 el Taller \u201cConectando especialidades: la visi\u00f3n gerontol\u00f3gica en el equipo multidisciplinario de salud\u201d.<\/p>\n<p>La actividad busca fortalecer los conocimientos y la sensibilizaci\u00f3n de la comunidad universitaria y del p\u00fablico en general sobre el proceso de envejecimiento, as\u00ed como promover una visi\u00f3n de la vejez basada en la dignidad, la salud, la autonom\u00eda y la participaci\u00f3n activa.<\/p>\n<p>La geront\u00f3loga de la Cl\u00ednica Multidisciplinaria de Salud, Itzayana M\u00e9ndez Ram\u00edrez, explic\u00f3 que el taller permitir\u00e1 acercar a las y los participantes a los principios de la gerontolog\u00eda y comprender la importancia del trabajo multidisciplinario para mejorar el diagn\u00f3stico, tratamiento y seguimiento de las personas adultas mayores.<\/p>\n<p>Destac\u00f3 que el envejecimiento poblacional representa uno de los principales desaf\u00edos sociales y de salud de la actualidad, por lo que resulta fundamental preparar a las nuevas generaciones para atender las necesidades de una poblaci\u00f3n que alcanzar\u00e1 edades cada vez m\u00e1s avanzadas.<\/p>\n<p>En este sentido, subray\u00f3 la importancia de que las universidades impulsen conocimientos que permitan comprender el envejecimiento desde una perspectiva de derechos, autonom\u00eda y dignidad, dejando atr\u00e1s estereotipos que asocian la vejez exclusivamente con la enfermedad, la dependencia o las limitaciones.<\/p>\n<p>Durante el taller se abordar\u00e1n temas como el edadismo, la nutrici\u00f3n, la valoraci\u00f3n gerontol\u00f3gica, el s\u00edndrome del cuidador y los cuidados de las personas adultas mayores. Para el personal de la Cl\u00ednica Multidisciplinaria de Salud tambi\u00e9n se contempla el an\u00e1lisis din\u00e1mico de un caso cl\u00ednico, con el prop\u00f3sito de identificar estrategias para una atenci\u00f3n personalizada.<\/p>\n<p>El taller \u201cConectando especialidades: la visi\u00f3n gerontol\u00f3gica en el equipo multidisciplinario de salud\u201d se llevar\u00e1 a cabo este 3 de septiembre, a las 12:00 horas, en el aula de la Cl\u00ednica Multidisciplinaria de Salud de la UAEM\u00e9x.<\/p>\n<p>La actividad est\u00e1 dirigida a integrantes de la comunidad universitaria, personal adscrito a la Cl\u00ednica y p\u00fablico en general. Las personas interesadas pueden consultar las redes sociales de la Cl\u00ednica Multidisciplinaria de Salud o acudir directamente a sus instalaciones, ubicadas en avenida Jes\u00fas Carranza n\u00famero 205, colonia Universidad, en Toluca, Estado de M\u00e9xico.<\/p>\n<p>&nbsp;<\/p>\n<p>&nbsp;<\/p>\n","protected":false},"excerpt":{"rendered":"<p>&nbsp; Toluca, M\u00e9x.\u2013 El envejecimiento de la poblaci\u00f3n plantea nuevos retos para los sistemas de salud y para la formaci\u00f3n de profesionales capaces de atender las necesidades de las personas adultas mayores desde una perspectiva integral. Ante este panorama, la Universidad Aut\u00f3noma del Estado de M\u00e9xico (UAEM\u00e9x), a trav\u00e9s de la Cl\u00ednica Multidisciplinaria de Salud [&hellip;]<\/p>\n","protected":false},"author":14,"featured_media":738265,"comment_status":"open","ping_status":"open","sticky":false,"template":"","format":"standard","meta":{"_monsterinsights_skip_tracking":false,"footnotes":""},"categories":[16,5],"tags":[],"class_list":["post-738264","post","type-post","status-publish","format-standard","has-post-thumbnail","hentry","category-destacadas","category-estado-de-mexico"],"_links":{"self":[{"href":"https:\/\/www.diarioimagen.net\/index.php?rest_route=\/wp\/v2\/posts\/738264","targetHints":{"allow":["GET"]}}],"collection":[{"href":"https:\/\/www.diarioimagen.net\/index.php?rest_route=\/wp\/v2\/posts"}],"about":[{"href":"https:\/\/www.diarioimagen.net\/index.php?rest_route=\/wp\/v2\/types\/post"}],"author":[{"embeddable":true,"href":"https:\/\/www.diarioimagen.net\/index.php?rest_route=\/wp\/v2\/users\/14"}],"replies":[{"embeddable":true,"href":"https:\/\/www.diarioimagen.net\/index.php?rest_route=%2Fwp%2Fv2%2Fcomments&post=738264"}],"version-history":[{"count":1,"href":"https:\/\/www.diarioimagen.net\/index.php?rest_route=\/wp\/v2\/posts\/738264\/revisions"}],"predecessor-version":[{"id":738266,"href":"https:\/\/www.diarioimagen.net\/index.php?rest_route=\/wp\/v2\/posts\/738264\/revisions\/738266"}],"wp:featuredmedia":[{"embeddable":true,"href":"https:\/\/www.diarioimagen.net\/index.php?rest_route=\/wp\/v2\/media\/738265"}],"wp:attachment":[{"href":"https:\/\/www.diarioimagen.net\/index.php?rest_route=%2Fwp%2Fv2%2Fmedia&parent=738264"}],"wp:term":[{"taxonomy":"category","embeddable":true,"href":"https:\/\/www.diarioimagen.net\/index.php?rest_route=%2Fwp%2Fv2%2Fcategories&post=738264"},{"taxonomy":"post_tag","embeddable":true,"href":"https:\/\/www.diarioimagen.net\/index.php?rest_route=%2Fwp%2Fv2%2Ftags&post=738264"}],"curies":[{"name":"wp","href":"https:\/\/api.w.org\/{rel}","templated":true}]}}