{"id":738267,"date":"2026-09-02T21:05:29","date_gmt":"2026-09-03T03:05:29","guid":{"rendered":"https:\/\/www.diarioimagen.net\/?p=738267"},"modified":"2026-09-02T21:05:29","modified_gmt":"2026-09-03T03:05:29","slug":"csp-viola-el-69-constitucional-y-decide-que-la-glosa-del-informe-sea-en-sus-mananeras","status":"publish","type":"post","link":"https:\/\/www.diarioimagen.net\/?p=738267","title":{"rendered":"CSP viola el 69 constitucional y decide que  la glosa del Informe sea en sus ma\u00f1aneras"},"content":{"rendered":"<p><strong>TRAS LA PUERTA DEL PODER Roberto Vizca\u00edno <\/strong><\/p>\n<p><strong>\u00a0<\/strong><\/p>\n<p>&nbsp;<\/p>\n<p><strong>\u00a0<\/strong><\/p>\n<p><strong>\u00a0<\/strong><\/p>\n<p>La presidenta\u00a0<strong>Claudia Sheinbaum<\/strong>\u00a0anunci\u00f3 ayer un nuevo sistema de rendici\u00f3n de cuentas en que la Glosa de su segundo informe se realizar\u00e1 en sus ma\u00f1aneras. Ah\u00ed se presentar\u00e1n los miembros de su gabinete a explicar alcances y resultados de su Gobierno.<\/p>\n<p>Con ello sustituy\u00f3 al Congreso, al Senado y Diputados, por sus ma\u00f1aneras.<\/p>\n<p>Su rendici\u00f3n de cuentas ser\u00e1 sin debate ni cr\u00edtica como s\u00ed ocurr\u00eda en Senado y Diputados. Ahora en lugar de diputados y senadores cr\u00edticos, y de la oposici\u00f3n, estar\u00e1n sus \u201cchairo-reporteros\u201d y \u201cyutuberos\u201d.<\/p>\n<p>Con esta decisi\u00f3n, la mandataria anula al Congreso -Senado y C\u00e1mara de Diputados- y se brinca al 69 constitucional que obliga al Presidente de la Rep\u00fablica en turno a presentar cada a\u00f1o un informe por escrito sobre el estado que guarda la administraci\u00f3n p\u00fablica y que establece que los secretarios de Estado comparezcan ante los plenos del Senado y la C\u00e1mara de Diputados a rendir informes bajo protesta de decir verdad.<\/p>\n<p>A\u00a0<strong>Luisa Mar\u00eda Alcalde<\/strong>, consejera jur\u00eddica le toc\u00f3 ayer inaugurar el nuevo esquema de comparecencias, con un miniinforme en que dijo que en estos 2 a\u00f1os de gobierno de\u00a0<strong>Sheinbaum<\/strong>\u00a0se han realizado 27 reformas constitucionales y 76 reformas legales \u201cque han permitido recuperar el sentido social de la Constituci\u00f3n\u201d.<\/p>\n<p>&nbsp;<\/p>\n<p>&nbsp;<\/p>\n<p><strong>Un resumen de lo opuesto<\/strong><\/p>\n<p>&nbsp;<\/p>\n<p>En este contexto sobresale el posicionamiento realizado al abrirse el nuevo periodo legislativo por el senador\u00a0<strong>Luis Donaldo Colosio Riojas<\/strong>, de MC, desde la tribuna de San L\u00e1zaro. Ah\u00ed dijo:<\/p>\n<p>Nunca ning\u00fan gobierno hab\u00eda concentrado tanto poder: la Presidencia de la Rep\u00fablica, 23 gubernaturas, la mayor\u00eda en dos c\u00e1maras, dos a\u00f1os con una mayor\u00eda calificada -ama\u00f1ada, artificial, inconstitucional con lo que han reescrito la Constituci\u00f3n a su antojo- y adem\u00e1s con la mayor\u00eda en los congresos locales.<\/p>\n<p>Y as\u00ed tienen bajo su control al Poder Judicial. Cero contrapesos de los \u00f3rganos aut\u00f3nomos que tambi\u00e9n se encargaron de demoler.<\/p>\n<p>Con 8 a\u00f1os en el poder, hay que preguntar: \u00bfCu\u00e1ntos a\u00f1os m\u00e1s les faltan para surtir recetas m\u00e9dicas completas; para que la desigualdad en las aulas deje de reflejar la desigualdad en las calles<\/p>\n<p>\u00bfCu\u00e1ntos a\u00f1os m\u00e1s van a culpar al pasado si ustedes mismos ya son parte de ese pasado?<\/p>\n<p>Si Morena lo gan\u00f3 todo y teni\u00e9ndolo todo, \u00bf<strong><em>qu\u00e9 han resuelto<\/em><\/strong>?<\/p>\n<p>La corrupci\u00f3n que juraron enterrar sigue viva y todos sabemos d\u00f3nde est\u00e1; el derroche y excesos siguen, solo cambiaron de manos; la violencia sigue, los desaparecidos siguen, la pobreza sigue, la impunidad sigue\u2026 y mientras tanto M\u00e9xico ha ca\u00eddo del lugar 51 a 62 en competitividad y el desempe\u00f1o acad\u00e9mico en matem\u00e1ticas, en ciencia, en lectura ha sufrido un grave retroceso.<\/p>\n<p>Pasamos de 10 a 20 billones de pesos de deuda y las nuevas inversiones han ca\u00eddo realmente un 50% del 2018 al 2025.<\/p>\n<p>Todo eso ha demostrado que a Morena y a su 4T el poder absoluto les ha servido para imponer, para controlar, para acumular todav\u00eda m\u00e1s poder, pero no les ha alcanzado para resolver lo esencial.<\/p>\n<p>Pero no hay \u201cma\u00f1anera\u201d que alcance ni r\u00e9gimen que aguante para tapar la verdad\u2026 la de que los aguacateros de michoacano salen a trabajar sin saber si van a regresar; la del quir\u00f3fano cerrado durante meses en el Hospital Civil de Oaxaca, sin insumos para opera y la de miles de familias de v\u00edctimas desaparecidas que siguen esperando in\u00fatilmente una respuesta del Estado&#8230; la verdad de millones de maestros, de polic\u00edas, de personal m\u00e9dico que demandan salarios dignos y demandan respeto a sus aportaciones a favor de la naci\u00f3n.<\/p>\n<p><strong>Colosio Riojas<\/strong>\u00a0record\u00f3 que la llegada de\u00a0<strong>Claudia Sheinbaum<\/strong>\u00a0a la Presidencia signific\u00f3 un referente, un ejemplo para millones de ni\u00f1as de que pueden llegar a ser lo que quieran ser. Usted se convirti\u00f3 en un s\u00edmbolo, le indic\u00f3.<\/p>\n<p>Pero en lugar de marcar un antes y un despu\u00e9s, dijo,\u00a0<strong>Sheinbaum<\/strong>\u00a0hasta ahor <strong><em>ha elegido administrar la herencia<\/em><\/strong>\u00a0en lugar de corregirla, proteger a sus aliados de Morena y 4T en lugar de exigirles cuentas y poner la lealtad a su partido por encima de la justicia, al tiempo de darle m\u00e1s valor a la protecci\u00f3n de un movimiento pol\u00edtico, hoy ampliamente cuestionado, que a los intereses de la Rep\u00fablica.<\/p>\n<p>As\u00ed es\u00a0<strong>curioso<\/strong>\u00a0que mientras su administraci\u00f3n se autoconsidera el de la transformaci\u00f3n, conserva intacto el sistema de privilegios que prometi\u00f3 demoler\u2026 que predica austeridad mientras mantienen lujos que tanto criticaron\u2026 curioso que se recorte presupuesto a insumos esenciales en escuelas y en hospitales, mientras se levantan obras fara\u00f3nicas que sirven al ego de unos cuantos y a nadie m\u00e1s. Y es curioso que su Fiscal\u00eda, ciega y lent\u00edsima para atender las denuncias de las y los ciudadanos, sea \u00e1gil ante la persecuci\u00f3n de adversarios o de proteger a sus aliados.<\/p>\n<p>Lo curioso entonces termina por ser\u00a0<strong>imperdonable<\/strong>.<\/p>\n<p><strong>Imperdonable<\/strong>, como los fraudes electorales en Papantla y Poza Rica, y las campa\u00f1as anticipadas de Morena que corren ahora mismo a plena luz por todo el pa\u00eds sin una sola consecuencia, mientras desde el poder se responda con el silencio.\u00a0<strong>Imperdonable<\/strong>, que mientras se condena la conquista de hace cinco siglos, se le recorte a\u00f1o con a\u00f1o a los pueblos originarios el presupuesto en agua, en vivienda y en salud o que en Michoac\u00e1n asesinen al alcalde de Uruapan\u00a0,<strong>Carlos Manzo,<\/strong>\u00a0y que como respuesta Morena y sus aliados prefieran linchar a su esposa\u00a0<strong>Grecia Quiroz,<\/strong>\u00a0en lugar de hacerle justicia a su familia.<\/p>\n<p><strong>Imperdonable,<\/strong>\u00a0que mientras Sinaloa vive una crisis de inseguridad y de violencia, desde el poder protejan a\u00a0<strong>Rub\u00e9n Rocha Moya<\/strong>\u00a0y a toda su camarilla, miembros de su partido, en lugar de exigirles rendir cuentas. <strong>Imperdonable,<\/strong>\u00a0que tengan en la c\u00e1rcel, sin sentencia, a tanta gente, pero que cada vez que un se\u00f1alamiento alcanza a una persona cercana al poder, inmediatamente salgan a justificar y defenderla, no desde un tribunal, sino desde la mism\u00edsima \u201cma\u00f1anera\u201d.<\/p>\n<p><strong>Imperdonable es<\/strong>\u00a0que despu\u00e9s de ocho a\u00f1os con m\u00e1s poder que pr\u00e1cticamente cualquier otro gobierno todav\u00eda pretendan que el pa\u00eds les tenga paciencia en lugar de darles resultados.<\/p>\n<p>Mientras todo esto ocurre, precis\u00f3, este Congreso -Senado y C\u00e1mara de Diputados- s\u00f3lo levanta la mano y con ello han aprobado leyes y reglamentos que viene directamente de la Presidencia confirmando con ello que, al limitarse a actuar bajo instrucciones presidenciales, renuncia a la raz\u00f3n misma de su existencia.<\/p>\n<p>En cuanto a amagos y exigencias del exterior, cabe unirse para defender la soberan\u00eda, pero que eso requiere que este gobierno deje de simular, dejar de poner a la soberan\u00eda como pretexto para dar pie a la impunidad.<\/p>\n<p>Hoy se requiere, precis\u00f3, dejar de escoger entre dos falsos caminos: regresar al pasado o resignarse al presente. M\u00e9xico merece algo mejor.<\/p>\n<p>Un M\u00e9xico que crece mirando hacia adelante, apostando por energ\u00edas limpias, la innovaci\u00f3n, el emprendimiento y una econom\u00eda capaz de generar prosperidad sin hipotecar el futuro de las siguientes generaciones.<\/p>\n<p>Un M\u00e9xico nuevo.<\/p>\n<p>La esperanza no tiene un solo due\u00f1o, no se hereda ni se transfiere. La esperanza es de todas y de todos los mexicanos, de millones de personas que creemos que un M\u00e9xico nuevo es posible. El porvenir de esta naci\u00f3n no le pertenece a quien acumula m\u00e1s poder, sino a quien construye m\u00e1s futuro.<\/p>\n<p>Es indispensable pasar del mon\u00f3logo al di\u00e1logo, de la autocomplacencia y las excusas a la rendici\u00f3n real de cuentas.<\/p>\n<p>Hoy, hay millones de mexicanos que saben que tener la mayor\u00eda no significa tener la raz\u00f3n, que hoy saben que este pa\u00eds no aguanta otro sexenio m\u00e1s en que le pidan paciencia a cambio de nada.<\/p>\n<p>De todos los posicionamientos presentados en San L\u00e1zaro, quiz\u00e1 el m\u00e1s certero. Un buen resumen sobre una realidad y de alternativas para superar a un proyecto, el de la 4T, que sin duda, ha fracasado.<\/p>\n<p>&nbsp;<\/p>\n<p>Twitter: @_Vizcaino \/ Facebook<\/p>\n<p>\/\u00a0<a href=\"https:\/\/www.facebook.com\/rvizcainoa\">https:\/\/www.facebook.com\/rvizcainoa<\/a>\u00a0\/<\/p>\n<p>e-mail:\u00a0<a href=\"mailto:rvizcainoa@gmail.com\">rvizcainoa@gmail.com<\/a><\/p>\n<p>&nbsp;<\/p>\n","protected":false},"excerpt":{"rendered":"<p>TRAS LA PUERTA DEL PODER Roberto Vizca\u00edno \u00a0 &nbsp; \u00a0 \u00a0 La presidenta\u00a0Claudia Sheinbaum\u00a0anunci\u00f3 ayer un nuevo sistema de rendici\u00f3n de cuentas en que la Glosa de su segundo informe se realizar\u00e1 en sus ma\u00f1aneras. Ah\u00ed se presentar\u00e1n los miembros de su gabinete a explicar alcances y resultados de su Gobierno. Con ello sustituy\u00f3 al [&hellip;]<\/p>\n","protected":false},"author":14,"featured_media":0,"comment_status":"open","ping_status":"open","sticky":false,"template":"","format":"standard","meta":{"_monsterinsights_skip_tracking":false,"footnotes":""},"categories":[4,136],"tags":[],"class_list":["post-738267","post","type-post","status-publish","format-standard","hentry","category-opinion","category-roberto-vizcaino-opinion"],"_links":{"self":[{"href":"https:\/\/www.diarioimagen.net\/index.php?rest_route=\/wp\/v2\/posts\/738267","targetHints":{"allow":["GET"]}}],"collection":[{"href":"https:\/\/www.diarioimagen.net\/index.php?rest_route=\/wp\/v2\/posts"}],"about":[{"href":"https:\/\/www.diarioimagen.net\/index.php?rest_route=\/wp\/v2\/types\/post"}],"author":[{"embeddable":true,"href":"https:\/\/www.diarioimagen.net\/index.php?rest_route=\/wp\/v2\/users\/14"}],"replies":[{"embeddable":true,"href":"https:\/\/www.diarioimagen.net\/index.php?rest_route=%2Fwp%2Fv2%2Fcomments&post=738267"}],"version-history":[{"count":1,"href":"https:\/\/www.diarioimagen.net\/index.php?rest_route=\/wp\/v2\/posts\/738267\/revisions"}],"predecessor-version":[{"id":738268,"href":"https:\/\/www.diarioimagen.net\/index.php?rest_route=\/wp\/v2\/posts\/738267\/revisions\/738268"}],"wp:attachment":[{"href":"https:\/\/www.diarioimagen.net\/index.php?rest_route=%2Fwp%2Fv2%2Fmedia&parent=738267"}],"wp:term":[{"taxonomy":"category","embeddable":true,"href":"https:\/\/www.diarioimagen.net\/index.php?rest_route=%2Fwp%2Fv2%2Fcategories&post=738267"},{"taxonomy":"post_tag","embeddable":true,"href":"https:\/\/www.diarioimagen.net\/index.php?rest_route=%2Fwp%2Fv2%2Ftags&post=738267"}],"curies":[{"name":"wp","href":"https:\/\/api.w.org\/{rel}","templated":true}]}}