{"id":738361,"date":"2026-09-03T23:13:02","date_gmt":"2026-09-04T05:13:02","guid":{"rendered":"https:\/\/www.diarioimagen.net\/?p=738361"},"modified":"2026-09-03T23:13:02","modified_gmt":"2026-09-04T05:13:02","slug":"la-asistencia-social-continuara-en-naucalpan-dice-david-parra-sanchez","status":"publish","type":"post","link":"https:\/\/www.diarioimagen.net\/?p=738361","title":{"rendered":"La asistencia social continuar\u00e1 en  Naucalpan, dice David Parra\u00a0S\u00e1nchez"},"content":{"rendered":"<p>&nbsp;<\/p>\n<p>&nbsp;<\/p>\n<ul>\n<li><strong>En beneficio de las familias m\u00e1s vulnerables <\/strong><\/li>\n<\/ul>\n<p><strong>\u00a0<\/strong><\/p>\n<div id=\"attachment_738363\" style=\"width: 417px\" class=\"wp-caption alignnone\"><img loading=\"lazy\" decoding=\"async\" aria-describedby=\"caption-attachment-738363\" class=\"wp-image-738363 size-large\" src=\"https:\/\/www.diarioimagen.net\/wp-content\/uploads\/2026\/09\/BAENA-1-ok-1-407x270.jpg\" alt=\"\" width=\"407\" height=\"270\" srcset=\"https:\/\/www.diarioimagen.net\/wp-content\/uploads\/2026\/09\/BAENA-1-ok-1-407x270.jpg 407w, https:\/\/www.diarioimagen.net\/wp-content\/uploads\/2026\/09\/BAENA-1-ok-1-240x159.jpg 240w, https:\/\/www.diarioimagen.net\/wp-content\/uploads\/2026\/09\/BAENA-1-ok-1-768x509.jpg 768w, https:\/\/www.diarioimagen.net\/wp-content\/uploads\/2026\/09\/BAENA-1-ok-1.jpg 1500w\" sizes=\"auto, (max-width: 407px) 100vw, 407px\" \/><p id=\"caption-attachment-738363\" class=\"wp-caption-text\">El presidente de Proyecto Social Naucalpan, David Parra S\u00e1nchez, reafirm\u00f3 su compromiso de dar continuidad a las Jornadas M\u00e9dico-Asistenciales.<\/p><\/div>\n<p><strong>\u00a0<\/strong><\/p>\n<p><strong>Por Arturo Baena\u00a0<\/strong><\/p>\n<p>&nbsp;<\/p>\n<p>Naucalpan, M\u00e9x.- David Parra S\u00e1nchez, presidente de la asociaci\u00f3n civil Proyecto Social Naucalpan, reafirm\u00f3 su compromiso de dar continuidad ininterrumpida a las Jornadas M\u00e9dico-Asistenciales en beneficio de las familias m\u00e1s vulnerables de este municipio<\/p>\n<p>&nbsp;<\/p>\n<p>El l\u00edder social destac\u00f3 que el objetivo prioritario es cuidar la salud de los sectores m\u00e1s vulnerables (ni\u00f1os, j\u00f3venes y adultos mayores) y fortalecer el tejido social a trav\u00e9s de la unidad familiar y comunitaria.<\/p>\n<p>&nbsp;<\/p>\n<p>Parra S\u00e1nchez, record\u00f3 que estos despliegues itinerantes acercan servicios gratuitos directamente a las comunidades como en las colonias Loma Colorada y San Jos\u00e9 de los Leones, La Ahuizotla, entre otras.<\/p>\n<p>&nbsp;<\/p>\n<p>\u00abEstas caravanas de salud buscan sumar voluntades ciudadanas y disminuir el rezago en atenci\u00f3n m\u00e9dica por ello reiter\u00f3 mi compromiso social de que este tipo de actividades continuar\u00e1n en todo el territorio de manera gratuita\u00bb, concluy\u00f3.<\/p>\n<p>&nbsp;<\/p>\n<p><strong>\u00a0<\/strong><\/p>\n<p>&nbsp;<\/p>\n","protected":false},"excerpt":{"rendered":"<p>&nbsp; &nbsp; En beneficio de las familias m\u00e1s vulnerables \u00a0 \u00a0 Por Arturo Baena\u00a0 &nbsp; Naucalpan, M\u00e9x.- David Parra S\u00e1nchez, presidente de la asociaci\u00f3n civil Proyecto Social Naucalpan, reafirm\u00f3 su compromiso de dar continuidad ininterrumpida a las Jornadas M\u00e9dico-Asistenciales en beneficio de las familias m\u00e1s vulnerables de este municipio &nbsp; El l\u00edder social destac\u00f3 que [&hellip;]<\/p>\n","protected":false},"author":14,"featured_media":738363,"comment_status":"open","ping_status":"open","sticky":false,"template":"","format":"standard","meta":{"_monsterinsights_skip_tracking":false,"footnotes":""},"categories":[5],"tags":[],"class_list":["post-738361","post","type-post","status-publish","format-standard","has-post-thumbnail","hentry","category-estado-de-mexico"],"_links":{"self":[{"href":"https:\/\/www.diarioimagen.net\/index.php?rest_route=\/wp\/v2\/posts\/738361","targetHints":{"allow":["GET"]}}],"collection":[{"href":"https:\/\/www.diarioimagen.net\/index.php?rest_route=\/wp\/v2\/posts"}],"about":[{"href":"https:\/\/www.diarioimagen.net\/index.php?rest_route=\/wp\/v2\/types\/post"}],"author":[{"embeddable":true,"href":"https:\/\/www.diarioimagen.net\/index.php?rest_route=\/wp\/v2\/users\/14"}],"replies":[{"embeddable":true,"href":"https:\/\/www.diarioimagen.net\/index.php?rest_route=%2Fwp%2Fv2%2Fcomments&post=738361"}],"version-history":[{"count":1,"href":"https:\/\/www.diarioimagen.net\/index.php?rest_route=\/wp\/v2\/posts\/738361\/revisions"}],"predecessor-version":[{"id":738364,"href":"https:\/\/www.diarioimagen.net\/index.php?rest_route=\/wp\/v2\/posts\/738361\/revisions\/738364"}],"wp:featuredmedia":[{"embeddable":true,"href":"https:\/\/www.diarioimagen.net\/index.php?rest_route=\/wp\/v2\/media\/738363"}],"wp:attachment":[{"href":"https:\/\/www.diarioimagen.net\/index.php?rest_route=%2Fwp%2Fv2%2Fmedia&parent=738361"}],"wp:term":[{"taxonomy":"category","embeddable":true,"href":"https:\/\/www.diarioimagen.net\/index.php?rest_route=%2Fwp%2Fv2%2Fcategories&post=738361"},{"taxonomy":"post_tag","embeddable":true,"href":"https:\/\/www.diarioimagen.net\/index.php?rest_route=%2Fwp%2Fv2%2Ftags&post=738361"}],"curies":[{"name":"wp","href":"https:\/\/api.w.org\/{rel}","templated":true}]}}