{"id":738365,"date":"2026-09-03T23:17:49","date_gmt":"2026-09-04T05:17:49","guid":{"rendered":"https:\/\/www.diarioimagen.net\/?p=738365"},"modified":"2026-09-03T23:17:49","modified_gmt":"2026-09-04T05:17:49","slug":"impulsar-el-bienestar-de-familias-prioridad-afirma-rosa-espinoza","status":"publish","type":"post","link":"https:\/\/www.diarioimagen.net\/?p=738365","title":{"rendered":"Impulsar el bienestar de familias,  prioridad, afirma Rosa Espinoza"},"content":{"rendered":"<p>&nbsp;<\/p>\n<p>&nbsp;<\/p>\n<ul>\n<li><strong>Recorrido por Coacalco<\/strong><\/li>\n<\/ul>\n<p><strong>\u00a0<\/strong><\/p>\n<p><strong>\u00a0<\/strong><\/p>\n<div id=\"attachment_738366\" style=\"width: 234px\" class=\"wp-caption alignnone\"><img loading=\"lazy\" decoding=\"async\" aria-describedby=\"caption-attachment-738366\" class=\"wp-image-738366 size-large\" src=\"https:\/\/www.diarioimagen.net\/wp-content\/uploads\/2026\/09\/BAENA-2-ok-1-224x270.jpg\" alt=\"\" width=\"224\" height=\"270\" srcset=\"https:\/\/www.diarioimagen.net\/wp-content\/uploads\/2026\/09\/BAENA-2-ok-1-224x270.jpg 224w, https:\/\/www.diarioimagen.net\/wp-content\/uploads\/2026\/09\/BAENA-2-ok-1-199x240.jpg 199w, https:\/\/www.diarioimagen.net\/wp-content\/uploads\/2026\/09\/BAENA-2-ok-1-768x927.jpg 768w, https:\/\/www.diarioimagen.net\/wp-content\/uploads\/2026\/09\/BAENA-2-ok-1-1272x1536.jpg 1272w, https:\/\/www.diarioimagen.net\/wp-content\/uploads\/2026\/09\/BAENA-2-ok-1.jpg 1500w\" sizes=\"auto, (max-width: 224px) 100vw, 224px\" \/><p id=\"caption-attachment-738366\" class=\"wp-caption-text\">Rosa Espinoza, coordinadora municipal de MC, recorre Coacalco escuchando y atendiendo las demandas ciudadanas.<\/p><\/div>\n<p>&nbsp;<\/p>\n<p>Coacalco.- M\u00e9x. Desde luego que desde Movimiento Ciudadano (MC) seguiremos luchando por espacios en donde podemos impulsar\u00a0el cuidado del medio ambiente, la salud, la paz, la educaci\u00f3n, las mujeres, por los adultos mayores, las libertades y el futuro de las familias de nuestro municipio. .<\/p>\n<p>&nbsp;<\/p>\n<p>As\u00ed lo expres\u00f3 Rosa Espinoza, coordinadora municipal de ese instituto pol\u00edtico al continuar su recorrido por todo el territorio escuchando y atendiendo las demandas ciudadanas.<\/p>\n<p>&nbsp;<\/p>\n<p>Record\u00f3 que MC se encuentra estructurando su estrategia en Coacalco rumbo a las elecciones municipales de 2027, buscando posicionarse como una alternativa competitiva frente a los bloques tradicionales.<\/p>\n<p>&nbsp;<\/p>\n<p>Y es que, aunque el proceso electoral formal est\u00e1 por iniciar, el partido naranja ya ha comenzado a definir sus liderazgos locales y en los cuales, Rosa Espinoza no es la excepci\u00f3n.<\/p>\n<p>De acuerdo con los an\u00e1lisis sobre la proyecci\u00f3n del partido naranja para el Estado de M\u00e9xico, consistir\u00e1 en concentrar esfuerzos en municipios urbanos clave, capitalizando el descontento de los bloques tradicionales y abriendo las puertas a liderazgos ciudadanos o perfiles competitivos.<\/p>\n<p>&nbsp;<\/p>\n<p>&nbsp;<\/p>\n<p><strong>\u00a0<\/strong><\/p>\n<p>&nbsp;<\/p>\n<p>&nbsp;<\/p>\n<p>&nbsp;<\/p>\n","protected":false},"excerpt":{"rendered":"<p>&nbsp; &nbsp; Recorrido por Coacalco \u00a0 \u00a0 &nbsp; Coacalco.- M\u00e9x. Desde luego que desde Movimiento Ciudadano (MC) seguiremos luchando por espacios en donde podemos impulsar\u00a0el cuidado del medio ambiente, la salud, la paz, la educaci\u00f3n, las mujeres, por los adultos mayores, las libertades y el futuro de las familias de nuestro municipio. . &nbsp; As\u00ed [&hellip;]<\/p>\n","protected":false},"author":14,"featured_media":738366,"comment_status":"open","ping_status":"open","sticky":false,"template":"","format":"standard","meta":{"_monsterinsights_skip_tracking":false,"footnotes":""},"categories":[5],"tags":[],"class_list":["post-738365","post","type-post","status-publish","format-standard","has-post-thumbnail","hentry","category-estado-de-mexico"],"_links":{"self":[{"href":"https:\/\/www.diarioimagen.net\/index.php?rest_route=\/wp\/v2\/posts\/738365","targetHints":{"allow":["GET"]}}],"collection":[{"href":"https:\/\/www.diarioimagen.net\/index.php?rest_route=\/wp\/v2\/posts"}],"about":[{"href":"https:\/\/www.diarioimagen.net\/index.php?rest_route=\/wp\/v2\/types\/post"}],"author":[{"embeddable":true,"href":"https:\/\/www.diarioimagen.net\/index.php?rest_route=\/wp\/v2\/users\/14"}],"replies":[{"embeddable":true,"href":"https:\/\/www.diarioimagen.net\/index.php?rest_route=%2Fwp%2Fv2%2Fcomments&post=738365"}],"version-history":[{"count":1,"href":"https:\/\/www.diarioimagen.net\/index.php?rest_route=\/wp\/v2\/posts\/738365\/revisions"}],"predecessor-version":[{"id":738367,"href":"https:\/\/www.diarioimagen.net\/index.php?rest_route=\/wp\/v2\/posts\/738365\/revisions\/738367"}],"wp:featuredmedia":[{"embeddable":true,"href":"https:\/\/www.diarioimagen.net\/index.php?rest_route=\/wp\/v2\/media\/738366"}],"wp:attachment":[{"href":"https:\/\/www.diarioimagen.net\/index.php?rest_route=%2Fwp%2Fv2%2Fmedia&parent=738365"}],"wp:term":[{"taxonomy":"category","embeddable":true,"href":"https:\/\/www.diarioimagen.net\/index.php?rest_route=%2Fwp%2Fv2%2Fcategories&post=738365"},{"taxonomy":"post_tag","embeddable":true,"href":"https:\/\/www.diarioimagen.net\/index.php?rest_route=%2Fwp%2Fv2%2Ftags&post=738365"}],"curies":[{"name":"wp","href":"https:\/\/api.w.org\/{rel}","templated":true}]}}