{"id":738368,"date":"2026-09-03T23:19:41","date_gmt":"2026-09-04T05:19:41","guid":{"rendered":"https:\/\/www.diarioimagen.net\/?p=738368"},"modified":"2026-09-03T23:19:41","modified_gmt":"2026-09-04T05:19:41","slug":"son-tangibles-los-resultados-de-seguridad-en-naucalpan","status":"publish","type":"post","link":"https:\/\/www.diarioimagen.net\/?p=738368","title":{"rendered":"Son tangibles los resultados  de seguridad en Naucalpan"},"content":{"rendered":"<p>&nbsp;<\/p>\n<p>&nbsp;<\/p>\n<ul>\n<li><strong>Mayor presencia policial\u00a0 <\/strong><\/li>\n<\/ul>\n<div id=\"attachment_738369\" style=\"width: 370px\" class=\"wp-caption alignnone\"><img loading=\"lazy\" decoding=\"async\" aria-describedby=\"caption-attachment-738369\" class=\"wp-image-738369 size-large\" src=\"https:\/\/www.diarioimagen.net\/wp-content\/uploads\/2026\/09\/BAENA-3-ok-2-360x270.jpg\" alt=\"\" width=\"360\" height=\"270\" srcset=\"https:\/\/www.diarioimagen.net\/wp-content\/uploads\/2026\/09\/BAENA-3-ok-2-360x270.jpg 360w, https:\/\/www.diarioimagen.net\/wp-content\/uploads\/2026\/09\/BAENA-3-ok-2-240x180.jpg 240w, https:\/\/www.diarioimagen.net\/wp-content\/uploads\/2026\/09\/BAENA-3-ok-2-768x576.jpg 768w, https:\/\/www.diarioimagen.net\/wp-content\/uploads\/2026\/09\/BAENA-3-ok-2.jpg 1500w\" sizes=\"auto, (max-width: 360px) 100vw, 360px\" \/><p id=\"caption-attachment-738369\" class=\"wp-caption-text\">Naucalpan se posiciona como el municipio con mayor reducci\u00f3n en robo de veh\u00edculos, resultado de una estrategia de seguridad que ha fortalecido la presencia policial.<\/p><\/div>\n<p>&nbsp;<\/p>\n<p>&nbsp;<\/p>\n<p>Naucalpan, M\u00e9x.- De acuerdo con los datos proporcionados por la Oficina Coordinadora de Riesgos Asegurados (OCRA), Naucalpan se posiciona como el municipio con la mayor reducci\u00f3n en materia de robo de veh\u00edculos, resultado de una estrategia de seguridad que ha fortalecido la presencia policial y el trabajo operativo en todo el territorio.<\/p>\n<p>&nbsp;<\/p>\n<p>Al realizar una comparaci\u00f3n de periodos equivalentes, de enero a agosto de los a\u00f1os 2023 y 2024 frente a 2025 y 2026, los resultados muestran una diferencia contundente. En 2024, Naucalpan se encontraba en el segundo lugar en la entidad con la mayor tasa en incidencia de robo de veh\u00edculos. A julio de 2026, Naucalpan registr\u00f3 una disminuci\u00f3n del 47%, la m\u00e1s baja desde 2022.<\/p>\n<p>&nbsp;<\/p>\n<p>Durante 2025 y 2026, correspondientes a la actual administraci\u00f3n, Naucalpan acumula 52 d\u00edas en los que no se registr\u00f3 un solo robo de veh\u00edculo. En contraste, durante los mismos periodos de 2023 y 2024 se registr\u00f3 solamente un d\u00eda sin robo de veh\u00edculo.<\/p>\n<p>&nbsp;<\/p>\n<p>As\u00ed Naucalpan consolida resultados en seguridad, disminuye el robo de veh\u00edculos asegurados en 47% al mes de julio, a la vez que, pas\u00f3 de registrar este delito todos los d\u00edas a acumular 52 jornadas con cero robos de veh\u00edculos, lo que representa un avance sustancial en uno de los delitos que durante a\u00f1os m\u00e1s afect\u00f3 el patrimonio y la tranquilidad de las familias naucalpenses.<\/p>\n<p>&nbsp;<\/p>\n<p>Durante la administraci\u00f3n anterior lleg\u00f3 a presentarse una jornada con 30 veh\u00edculos robados en un solo d\u00eda, cifra que contrasta de manera contundente con los periodos actuales en los que Naucalpan ha logrado cerrar jornadas completas sin registrar un solo caso.<\/p>\n<p>&nbsp;<\/p>\n<p>&nbsp;<\/p>\n<p>&nbsp;<\/p>\n","protected":false},"excerpt":{"rendered":"<p>&nbsp; &nbsp; Mayor presencia policial\u00a0 &nbsp; &nbsp; Naucalpan, M\u00e9x.- De acuerdo con los datos proporcionados por la Oficina Coordinadora de Riesgos Asegurados (OCRA), Naucalpan se posiciona como el municipio con la mayor reducci\u00f3n en materia de robo de veh\u00edculos, resultado de una estrategia de seguridad que ha fortalecido la presencia policial y el trabajo operativo [&hellip;]<\/p>\n","protected":false},"author":14,"featured_media":738369,"comment_status":"open","ping_status":"open","sticky":false,"template":"","format":"standard","meta":{"_monsterinsights_skip_tracking":false,"footnotes":""},"categories":[5],"tags":[],"class_list":["post-738368","post","type-post","status-publish","format-standard","has-post-thumbnail","hentry","category-estado-de-mexico"],"_links":{"self":[{"href":"https:\/\/www.diarioimagen.net\/index.php?rest_route=\/wp\/v2\/posts\/738368","targetHints":{"allow":["GET"]}}],"collection":[{"href":"https:\/\/www.diarioimagen.net\/index.php?rest_route=\/wp\/v2\/posts"}],"about":[{"href":"https:\/\/www.diarioimagen.net\/index.php?rest_route=\/wp\/v2\/types\/post"}],"author":[{"embeddable":true,"href":"https:\/\/www.diarioimagen.net\/index.php?rest_route=\/wp\/v2\/users\/14"}],"replies":[{"embeddable":true,"href":"https:\/\/www.diarioimagen.net\/index.php?rest_route=%2Fwp%2Fv2%2Fcomments&post=738368"}],"version-history":[{"count":1,"href":"https:\/\/www.diarioimagen.net\/index.php?rest_route=\/wp\/v2\/posts\/738368\/revisions"}],"predecessor-version":[{"id":738370,"href":"https:\/\/www.diarioimagen.net\/index.php?rest_route=\/wp\/v2\/posts\/738368\/revisions\/738370"}],"wp:featuredmedia":[{"embeddable":true,"href":"https:\/\/www.diarioimagen.net\/index.php?rest_route=\/wp\/v2\/media\/738369"}],"wp:attachment":[{"href":"https:\/\/www.diarioimagen.net\/index.php?rest_route=%2Fwp%2Fv2%2Fmedia&parent=738368"}],"wp:term":[{"taxonomy":"category","embeddable":true,"href":"https:\/\/www.diarioimagen.net\/index.php?rest_route=%2Fwp%2Fv2%2Fcategories&post=738368"},{"taxonomy":"post_tag","embeddable":true,"href":"https:\/\/www.diarioimagen.net\/index.php?rest_route=%2Fwp%2Fv2%2Ftags&post=738368"}],"curies":[{"name":"wp","href":"https:\/\/api.w.org\/{rel}","templated":true}]}}