{"id":738371,"date":"2026-09-03T23:23:05","date_gmt":"2026-09-04T05:23:05","guid":{"rendered":"https:\/\/www.diarioimagen.net\/?p=738371"},"modified":"2026-09-03T23:23:05","modified_gmt":"2026-09-04T05:23:05","slug":"aprueban-en-tlalnepantla-justicia-civica-para-jovenes","status":"publish","type":"post","link":"https:\/\/www.diarioimagen.net\/?p=738371","title":{"rendered":"Aprueban en Tlalnepantla\u00a0justicia c\u00edvica para j\u00f3venes\u00a0"},"content":{"rendered":"<div id=\"attachment_738372\" style=\"width: 415px\" class=\"wp-caption alignnone\"><img loading=\"lazy\" decoding=\"async\" aria-describedby=\"caption-attachment-738372\" class=\"wp-image-738372 size-large\" src=\"https:\/\/www.diarioimagen.net\/wp-content\/uploads\/2026\/09\/BAENA-4-ok-1-405x270.jpg\" alt=\"\" width=\"405\" height=\"270\" srcset=\"https:\/\/www.diarioimagen.net\/wp-content\/uploads\/2026\/09\/BAENA-4-ok-1-405x270.jpg 405w, https:\/\/www.diarioimagen.net\/wp-content\/uploads\/2026\/09\/BAENA-4-ok-1-240x160.jpg 240w, https:\/\/www.diarioimagen.net\/wp-content\/uploads\/2026\/09\/BAENA-4-ok-1-768x512.jpg 768w, https:\/\/www.diarioimagen.net\/wp-content\/uploads\/2026\/09\/BAENA-4-ok-1.jpg 1500w\" sizes=\"auto, (max-width: 405px) 100vw, 405px\" \/><p id=\"caption-attachment-738372\" class=\"wp-caption-text\"><br \/>Aprueban en Tlalnepantla\u00a0justicia c\u00edvica para j\u00f3venes<\/p><\/div>\n<p><strong>\u00a0<\/strong><\/p>\n<p>Tlalnepantla, M\u00e9x.- Avalan las reglas y la segunda convocatoria del programa \u201cJuventudes Haciendo Historia 2026\u201d para fortalecer el desarrollo de la juventud local y se emiti\u00f3 convocatoria p\u00fablica para seleccionar hasta cinco plazas de secretarias y secretarios c\u00edvicos, adem\u00e1s de cubrir una vacante de juez c\u00edvico. Aprueban est\u00edmulo para movilidad acad\u00e9mica internacional hacia Eslovenia y un nombramiento dentro de la administraci\u00f3n municipal.<\/p>\n<p>&nbsp;<\/p>\n","protected":false},"excerpt":{"rendered":"<p>\u00a0 Tlalnepantla, M\u00e9x.- Avalan las reglas y la segunda convocatoria del programa \u201cJuventudes Haciendo Historia 2026\u201d para fortalecer el desarrollo de la juventud local y se emiti\u00f3 convocatoria p\u00fablica para seleccionar hasta cinco plazas de secretarias y secretarios c\u00edvicos, adem\u00e1s de cubrir una vacante de juez c\u00edvico. Aprueban est\u00edmulo para movilidad acad\u00e9mica internacional hacia Eslovenia [&hellip;]<\/p>\n","protected":false},"author":14,"featured_media":738372,"comment_status":"open","ping_status":"open","sticky":false,"template":"","format":"standard","meta":{"_monsterinsights_skip_tracking":false,"footnotes":""},"categories":[5],"tags":[],"class_list":["post-738371","post","type-post","status-publish","format-standard","has-post-thumbnail","hentry","category-estado-de-mexico"],"_links":{"self":[{"href":"https:\/\/www.diarioimagen.net\/index.php?rest_route=\/wp\/v2\/posts\/738371","targetHints":{"allow":["GET"]}}],"collection":[{"href":"https:\/\/www.diarioimagen.net\/index.php?rest_route=\/wp\/v2\/posts"}],"about":[{"href":"https:\/\/www.diarioimagen.net\/index.php?rest_route=\/wp\/v2\/types\/post"}],"author":[{"embeddable":true,"href":"https:\/\/www.diarioimagen.net\/index.php?rest_route=\/wp\/v2\/users\/14"}],"replies":[{"embeddable":true,"href":"https:\/\/www.diarioimagen.net\/index.php?rest_route=%2Fwp%2Fv2%2Fcomments&post=738371"}],"version-history":[{"count":1,"href":"https:\/\/www.diarioimagen.net\/index.php?rest_route=\/wp\/v2\/posts\/738371\/revisions"}],"predecessor-version":[{"id":738373,"href":"https:\/\/www.diarioimagen.net\/index.php?rest_route=\/wp\/v2\/posts\/738371\/revisions\/738373"}],"wp:featuredmedia":[{"embeddable":true,"href":"https:\/\/www.diarioimagen.net\/index.php?rest_route=\/wp\/v2\/media\/738372"}],"wp:attachment":[{"href":"https:\/\/www.diarioimagen.net\/index.php?rest_route=%2Fwp%2Fv2%2Fmedia&parent=738371"}],"wp:term":[{"taxonomy":"category","embeddable":true,"href":"https:\/\/www.diarioimagen.net\/index.php?rest_route=%2Fwp%2Fv2%2Fcategories&post=738371"},{"taxonomy":"post_tag","embeddable":true,"href":"https:\/\/www.diarioimagen.net\/index.php?rest_route=%2Fwp%2Fv2%2Ftags&post=738371"}],"curies":[{"name":"wp","href":"https:\/\/api.w.org\/{rel}","templated":true}]}}