{"id":738453,"date":"2026-09-03T23:42:37","date_gmt":"2026-09-04T05:42:37","guid":{"rendered":"https:\/\/www.diarioimagen.net\/?p=738453"},"modified":"2026-09-03T23:42:37","modified_gmt":"2026-09-04T05:42:37","slug":"tren-el-insurgente-supera-los-25-millones-de-pasajeros-en-edomex","status":"publish","type":"post","link":"https:\/\/www.diarioimagen.net\/?p=738453","title":{"rendered":"Tren \u201cEl Insurgente\u201d supera los  25 millones de pasajeros en Edomex"},"content":{"rendered":"<p>&nbsp;<\/p>\n<ul>\n<li><strong>Segundo Informe de Sheinbaum: <\/strong><\/li>\n<li><strong>La cifra coloca a este corredor ferroviario entre las principales obras de transporte de pasajeros del pa\u00eds<\/strong><strong><br \/>\n<\/strong><\/p>\n<p><div id=\"attachment_738454\" style=\"width: 415px\" class=\"wp-caption alignnone\"><img loading=\"lazy\" decoding=\"async\" aria-describedby=\"caption-attachment-738454\" class=\"wp-image-738454 size-large\" src=\"https:\/\/www.diarioimagen.net\/wp-content\/uploads\/2026\/09\/DELFINA-02-405x270.jpg\" alt=\"\" width=\"405\" height=\"270\" srcset=\"https:\/\/www.diarioimagen.net\/wp-content\/uploads\/2026\/09\/DELFINA-02-405x270.jpg 405w, https:\/\/www.diarioimagen.net\/wp-content\/uploads\/2026\/09\/DELFINA-02-240x160.jpg 240w, https:\/\/www.diarioimagen.net\/wp-content\/uploads\/2026\/09\/DELFINA-02-768x512.jpg 768w, https:\/\/www.diarioimagen.net\/wp-content\/uploads\/2026\/09\/DELFINA-02-1536x1024.jpg 1536w, https:\/\/www.diarioimagen.net\/wp-content\/uploads\/2026\/09\/DELFINA-02-2048x1366.jpg 2048w\" sizes=\"auto, (max-width: 405px) 100vw, 405px\" \/><p id=\"caption-attachment-738454\" class=\"wp-caption-text\">El Tren Interurbano El Insurgente, desde su puesta en marcha, ha sidonutilizado por m\u00e1s de 25 millones de pasajeros, inform\u00f3 la presidenta Claudia Sheinbaum Pardo durante su Segundo Informe de Gobierno.<\/p><\/div><\/li>\n<\/ul>\n<p>&nbsp;<\/p>\n<p>M\u00e1s de 25 millones de pasajeros han utilizado el Tren Interurbano El Insurgente desde su puesta en marcha, inform\u00f3 la presidenta Claudia Sheinbaum Pardo durante su Segundo Informe de Gobierno, en el que estuvo presente la gobernadora del Estado de M\u00e9xico, Delfina G\u00f3mez \u00c1lvarez. La cifra coloca a este corredor ferroviario entre las principales obras de transporte de pasajeros del pa\u00eds.<\/p>\n<p>El recorrido conecta la capital del pa\u00eds con el Valle de Toluca y registra cerca de 140 mil usuarios diarios.<\/p>\n<p>Con 58 kil\u00f3metros y siete estaciones, el sistema enlaza Zinacantepec, Toluca Centro, Metepec, Lerma, Santa Fe, Vasco de Quiroga y Observatorio. Su conexi\u00f3n con la red de transporte de la Ciudad de M\u00e9xico incluye las L\u00edneas 1 y 12 del Metro, la L\u00ednea 3 del Cableb\u00fas, la red RTP, el CETRAM Observatorio y la Terminal de Autobuses del Poniente.<\/p>\n<p>La operaci\u00f3n contempla una flota de 16 trenes, cada uno con capacidad para 719 pasajeros. El servicio tambi\u00e9n cuenta con elevadores, gu\u00edas t\u00e1ctiles, bah\u00edas de ascenso y descenso, adem\u00e1s de espacios destinados a adultos mayores, mujeres embarazadas y personas con discapacidad.<\/p>\n<p>En el Estado de M\u00e9xico, El Insurgente representa una de las principales conexiones ferroviarias para los traslados entre el Valle de Toluca y la capital del pa\u00eds, con impacto directo en los tiempos de viaje y en la movilidad metropolitana.<\/p>\n<p>&nbsp;<\/p>\n<p><strong>\u00a0<\/strong><\/p>\n","protected":false},"excerpt":{"rendered":"<p>&nbsp; Segundo Informe de Sheinbaum: La cifra coloca a este corredor ferroviario entre las principales obras de transporte de pasajeros del pa\u00eds &nbsp; M\u00e1s de 25 millones de pasajeros han utilizado el Tren Interurbano El Insurgente desde su puesta en marcha, inform\u00f3 la presidenta Claudia Sheinbaum Pardo durante su Segundo Informe de Gobierno, en el [&hellip;]<\/p>\n","protected":false},"author":14,"featured_media":738454,"comment_status":"open","ping_status":"open","sticky":false,"template":"","format":"standard","meta":{"_monsterinsights_skip_tracking":false,"footnotes":""},"categories":[16,5],"tags":[],"class_list":["post-738453","post","type-post","status-publish","format-standard","has-post-thumbnail","hentry","category-destacadas","category-estado-de-mexico"],"_links":{"self":[{"href":"https:\/\/www.diarioimagen.net\/index.php?rest_route=\/wp\/v2\/posts\/738453","targetHints":{"allow":["GET"]}}],"collection":[{"href":"https:\/\/www.diarioimagen.net\/index.php?rest_route=\/wp\/v2\/posts"}],"about":[{"href":"https:\/\/www.diarioimagen.net\/index.php?rest_route=\/wp\/v2\/types\/post"}],"author":[{"embeddable":true,"href":"https:\/\/www.diarioimagen.net\/index.php?rest_route=\/wp\/v2\/users\/14"}],"replies":[{"embeddable":true,"href":"https:\/\/www.diarioimagen.net\/index.php?rest_route=%2Fwp%2Fv2%2Fcomments&post=738453"}],"version-history":[{"count":1,"href":"https:\/\/www.diarioimagen.net\/index.php?rest_route=\/wp\/v2\/posts\/738453\/revisions"}],"predecessor-version":[{"id":738455,"href":"https:\/\/www.diarioimagen.net\/index.php?rest_route=\/wp\/v2\/posts\/738453\/revisions\/738455"}],"wp:featuredmedia":[{"embeddable":true,"href":"https:\/\/www.diarioimagen.net\/index.php?rest_route=\/wp\/v2\/media\/738454"}],"wp:attachment":[{"href":"https:\/\/www.diarioimagen.net\/index.php?rest_route=%2Fwp%2Fv2%2Fmedia&parent=738453"}],"wp:term":[{"taxonomy":"category","embeddable":true,"href":"https:\/\/www.diarioimagen.net\/index.php?rest_route=%2Fwp%2Fv2%2Fcategories&post=738453"},{"taxonomy":"post_tag","embeddable":true,"href":"https:\/\/www.diarioimagen.net\/index.php?rest_route=%2Fwp%2Fv2%2Ftags&post=738453"}],"curies":[{"name":"wp","href":"https:\/\/api.w.org\/{rel}","templated":true}]}}