{"id":738456,"date":"2026-09-03T23:43:49","date_gmt":"2026-09-04T05:43:49","guid":{"rendered":"https:\/\/www.diarioimagen.net\/?p=738456"},"modified":"2026-09-03T23:44:05","modified_gmt":"2026-09-04T05:44:05","slug":"el-tri-continua-haciendo-historia","status":"publish","type":"post","link":"https:\/\/www.diarioimagen.net\/?p=738456","title":{"rendered":"El Tri contin\u00faa haciendo historia"},"content":{"rendered":"<ul>\n<li><strong>Con su gira \u201cAdicto Al Rocanrol\u201d<\/strong><\/li>\n<li><strong>A pesar de la situaci\u00f3n migratoria en EU, el p\u00fablico rocanrolero acudi\u00f3 al llamado del peculiar de \u2026 \u00a1Qu\u00e9 viva el Rocanrol!<\/strong><\/li>\n<\/ul>\n<div id=\"attachment_738457\" style=\"width: 286px\" class=\"wp-caption alignnone\"><img loading=\"lazy\" decoding=\"async\" aria-describedby=\"caption-attachment-738457\" class=\"wp-image-738457 size-large\" src=\"https:\/\/www.diarioimagen.net\/wp-content\/uploads\/2026\/09\/EL-TRI-01-276x270.jpeg\" alt=\"\" width=\"276\" height=\"270\" srcset=\"https:\/\/www.diarioimagen.net\/wp-content\/uploads\/2026\/09\/EL-TRI-01-276x270.jpeg 276w, https:\/\/www.diarioimagen.net\/wp-content\/uploads\/2026\/09\/EL-TRI-01-240x235.jpeg 240w, https:\/\/www.diarioimagen.net\/wp-content\/uploads\/2026\/09\/EL-TRI-01-768x752.jpeg 768w, https:\/\/www.diarioimagen.net\/wp-content\/uploads\/2026\/09\/EL-TRI-01-1536x1504.jpeg 1536w, https:\/\/www.diarioimagen.net\/wp-content\/uploads\/2026\/09\/EL-TRI-01-2048x2006.jpeg 2048w, https:\/\/www.diarioimagen.net\/wp-content\/uploads\/2026\/09\/EL-TRI-01-50x50.jpeg 50w\" sizes=\"auto, (max-width: 276px) 100vw, 276px\" \/><p id=\"caption-attachment-738457\" class=\"wp-caption-text\">El Tri contin\u00faa haciendo historia<\/p><\/div>\n<p>&nbsp;<\/p>\n<p>El TRI demostr\u00f3 una vez m\u00e1s por qu\u00e9 sigue siendo la banda m\u00e1s emblem\u00e1tica del rocanrol hecho en M\u00e9xico, conquistando nuevamente California con tres\u00a0 SOLD OUT\u00a0 consecutivos el pasado fin de semana.<\/p>\n<p>De la mano de Azteca Music Group y Live Nation Concerts, la gira \u201cAdicto al Rocanrol\u201d lleg\u00f3 con la energ\u00eda e irreverencia de Alex Lora a tres de los escenarios m\u00e1s importantes del estado, reuniendo a m\u00e1s de 12,000 personas que celebraron y \u201crocanrolearon\u201d sin parar durante casi tres horas.<\/p>\n<p>El pasado viernes 28 de agosto, \u00abAdicto al Rocanrol \u00bb lleg\u00f3 al House of Blues de Anaheim, donde EL TRI recibi\u00f3 por cuarta ocasi\u00f3n la simb\u00f3lica Patineta del SOLD OUT, que es la manera que acostumbra el venue para agradecer y reconocer a los artistas que abarrotan el lugar.<\/p>\n<p>La celebraci\u00f3n continu\u00f3 al otro d\u00eda en Inglewood, el s\u00e1bado 29 de agosto, en el YouTube Theater, donde miles de fan\u00e1ticos rocanrolearon esa noche reventando el\u00a0 lugar completamente.<\/p>\n<p>Y el cierre de este hist\u00f3rico fin de semana fue el domingo 30 de agosto en San Jos\u00e9, con un tercer SOLD OUT en el San Jose Civic.<\/p>\n<p>M\u00e1s de 12 mil fan\u00e1ticos \u201cFueron Felices\u201d pues se dieron cita en los tres diferentes escenarios para reunirse y poder bailar, gritar, brincar y corear temas como Triste Canci\u00f3n, Perro Negro, ADO, Pobre So\u00f1ador, Las Piedras, Chavo de onda, entre otros, logrando un desahogo que solamente EL TRI les puede dar.<\/p>\n<p>La m\u00fasica y las rolas de Alex Lora siguen trascendiendo, llegando a un p\u00fablico cada vez m\u00e1s joven y de todas las edades que asiste a sus presentaciones.<\/p>\n<p>M\u00e1s de cinco generaciones de seguidores se han identificado con sus canciones encontrando una voz, una historia y una forma de vida, consolidando una conexi\u00f3n \u00fanica entre el artista y su p\u00fablico.<\/p>\n<p>Alex Lora expres\u00f3 su agradecimiento a todos sus seguidores que, d\u00e9cada tras d\u00e9cada, han acompa\u00f1ado su trayectoria y han mantenido vivo el esp\u00edritu del rock mexicano.<\/p>\n<p>\u201cGracias a toda la raza que ha estado conmigo durante cinco generaciones\u201d. Ustedes son los que mantienen vivo mi rocanrol\u201d, expres\u00f3 Alex Lora, quien contin\u00faa celebrando junto a su p\u00fablico una historia musical que ha traspasado fronteras.<\/p>\n<p>Despu\u00e9s de este exitoso fin de semana en California, Alex Lora y EL TRI continuar\u00e1n llevando su rocanrol a distintas ciudades de Estados Unidos.<\/p>\n","protected":false},"excerpt":{"rendered":"<p>Con su gira \u201cAdicto Al Rocanrol\u201d A pesar de la situaci\u00f3n migratoria en EU, el p\u00fablico rocanrolero acudi\u00f3 al llamado del peculiar de \u2026 \u00a1Qu\u00e9 viva el Rocanrol! &nbsp; El TRI demostr\u00f3 una vez m\u00e1s por qu\u00e9 sigue siendo la banda m\u00e1s emblem\u00e1tica del rocanrol hecho en M\u00e9xico, conquistando nuevamente California con tres\u00a0 SOLD OUT\u00a0 [&hellip;]<\/p>\n","protected":false},"author":14,"featured_media":738457,"comment_status":"open","ping_status":"open","sticky":false,"template":"","format":"standard","meta":{"_monsterinsights_skip_tracking":false,"footnotes":""},"categories":[12],"tags":[],"class_list":["post-738456","post","type-post","status-publish","format-standard","has-post-thumbnail","hentry","category-espectaculos"],"_links":{"self":[{"href":"https:\/\/www.diarioimagen.net\/index.php?rest_route=\/wp\/v2\/posts\/738456","targetHints":{"allow":["GET"]}}],"collection":[{"href":"https:\/\/www.diarioimagen.net\/index.php?rest_route=\/wp\/v2\/posts"}],"about":[{"href":"https:\/\/www.diarioimagen.net\/index.php?rest_route=\/wp\/v2\/types\/post"}],"author":[{"embeddable":true,"href":"https:\/\/www.diarioimagen.net\/index.php?rest_route=\/wp\/v2\/users\/14"}],"replies":[{"embeddable":true,"href":"https:\/\/www.diarioimagen.net\/index.php?rest_route=%2Fwp%2Fv2%2Fcomments&post=738456"}],"version-history":[{"count":1,"href":"https:\/\/www.diarioimagen.net\/index.php?rest_route=\/wp\/v2\/posts\/738456\/revisions"}],"predecessor-version":[{"id":738458,"href":"https:\/\/www.diarioimagen.net\/index.php?rest_route=\/wp\/v2\/posts\/738456\/revisions\/738458"}],"wp:featuredmedia":[{"embeddable":true,"href":"https:\/\/www.diarioimagen.net\/index.php?rest_route=\/wp\/v2\/media\/738457"}],"wp:attachment":[{"href":"https:\/\/www.diarioimagen.net\/index.php?rest_route=%2Fwp%2Fv2%2Fmedia&parent=738456"}],"wp:term":[{"taxonomy":"category","embeddable":true,"href":"https:\/\/www.diarioimagen.net\/index.php?rest_route=%2Fwp%2Fv2%2Fcategories&post=738456"},{"taxonomy":"post_tag","embeddable":true,"href":"https:\/\/www.diarioimagen.net\/index.php?rest_route=%2Fwp%2Fv2%2Ftags&post=738456"}],"curies":[{"name":"wp","href":"https:\/\/api.w.org\/{rel}","templated":true}]}}