{"id":738462,"date":"2026-09-03T23:48:12","date_gmt":"2026-09-04T05:48:12","guid":{"rendered":"https:\/\/www.diarioimagen.net\/?p=738462"},"modified":"2026-09-03T23:48:12","modified_gmt":"2026-09-04T05:48:12","slug":"fop-convierte-la-perdida-y-la-esperanza-en-musica","status":"publish","type":"post","link":"https:\/\/www.diarioimagen.net\/?p=738462","title":{"rendered":"FOP convierte la p\u00e9rdida y la esperanza en m\u00fasica"},"content":{"rendered":"<ul>\n<li><strong>Con \u201cEl jard\u00edn perdido\u201d<\/strong><\/li>\n<li><strong>Este 4 de septiembre lanzan el primer sencillo de El antiguo esplendor, \u00e1lbum de 10 canciones inspirado en la ca\u00edda, la oscuridad emocional y la b\u00fasqueda de redenci\u00f3n<\/strong><\/li>\n<\/ul>\n<div id=\"attachment_738463\" style=\"width: 226px\" class=\"wp-caption alignnone\"><img loading=\"lazy\" decoding=\"async\" aria-describedby=\"caption-attachment-738463\" class=\"wp-image-738463 size-large\" src=\"https:\/\/www.diarioimagen.net\/wp-content\/uploads\/2026\/09\/FOP-216x270.jpeg\" alt=\"\" width=\"216\" height=\"270\" srcset=\"https:\/\/www.diarioimagen.net\/wp-content\/uploads\/2026\/09\/FOP-216x270.jpeg 216w, https:\/\/www.diarioimagen.net\/wp-content\/uploads\/2026\/09\/FOP-192x240.jpeg 192w, https:\/\/www.diarioimagen.net\/wp-content\/uploads\/2026\/09\/FOP-768x960.jpeg 768w, https:\/\/www.diarioimagen.net\/wp-content\/uploads\/2026\/09\/FOP-1229x1536.jpeg 1229w, https:\/\/www.diarioimagen.net\/wp-content\/uploads\/2026\/09\/FOP-1638x2048.jpeg 1638w, https:\/\/www.diarioimagen.net\/wp-content\/uploads\/2026\/09\/FOP-scaled.jpeg 2048w\" sizes=\"auto, (max-width: 216px) 100vw, 216px\" \/><p id=\"caption-attachment-738463\" class=\"wp-caption-text\">Fernando Ortiz, integrante de FOP, presenta \u201cEl jard\u00edn perdido\u201d, primer sencillo de El antiguo esplendor.<\/p><\/div>\n<p><strong>Por Arturo Arellano <\/strong><\/p>\n<p>&nbsp;<\/p>\n<p>Con una propuesta de rock pop ecl\u00e9ctico en espa\u00f1ol, Fernando Ortiz presenta \u201cEl jard\u00edn perdido\u201d, primer adelanto de su segundo disco como FOP. El material explora la p\u00e9rdida del para\u00edso, la depresi\u00f3n y el reencuentro con la esperanza mediante una mezcla de rock progresivo, baladas, sonidos sinf\u00f3nicos y pop suave de inspiraci\u00f3n ochentera.<\/p>\n<p>&nbsp;<\/p>\n<p>El 4 de septiembre, FOP estrenar\u00e1 \u201cEl jard\u00edn perdido\u201d, canci\u00f3n que funciona como punto de partida de El antiguo esplendor. El \u00e1lbum estar\u00e1 integrado por 10 temas y plantea una historia conceptual sobre el tr\u00e1nsito humano entre la p\u00e9rdida, la oscuridad y la redenci\u00f3n.<\/p>\n<p>&nbsp;<\/p>\n<p>\u201cEs un disco m\u00e1s o menos conceptual, que habla sobre esa p\u00e9rdida del para\u00edso, esa p\u00e9rdida de la esperanza, de la paz, esa ca\u00edda en abismos profundos, en depresiones, para luego salir por caminos de luz y esperanza y finalmente encontrar la redenci\u00f3n\u201d, explic\u00f3 Ortiz durante una entrevista.<\/p>\n<p>&nbsp;<\/p>\n<p>La propuesta parte de una experiencia individual, pero busca conectar con emociones universales. Para Ortiz, el recorrido del \u00e1lbum representa una situaci\u00f3n que puede atravesar cualquier persona: caer en las redes del ego, enfrentarse a momentos de depresi\u00f3n y buscar posteriormente una forma de liberaci\u00f3n.<\/p>\n<p>&nbsp;<\/p>\n<p>FOP define su propuesta como rock pop ecl\u00e9ctico en espa\u00f1ol. La variedad sonora del proyecto responde a la intenci\u00f3n de representar distintos estados emocionales a lo largo del \u00e1lbum \u201cTe vas a encontrar con una especie de rock progresivo, rock pop, baladas, una parte m\u00e1s sinf\u00f3nica, con un pop suave tipo los 80; la verdad es que hay un poco de todo, es una mezcolanza\u201d, se\u00f1al\u00f3 el m\u00fasico.<\/p>\n<p>&nbsp;<\/p>\n<p>La diversidad musical no se limita a un ejercicio estil\u00edstico. Cada cambio de g\u00e9nero busca acompa\u00f1ar las distintas etapas narrativas del disco: desde la p\u00e9rdida y la confusi\u00f3n hasta la esperanza y la posibilidad de reconstrucci\u00f3n.<\/p>\n<p>&nbsp;<\/p>\n<p>De acuerdo con Ortiz, el material requiere una escucha atenta y gradual. \u201cEs un disco que requiere escucha. Yo te dir\u00eda que es un disco que a la tercera escucha te lo empiezas a entender y te empieza a gustar\u201d, coment\u00f3.<\/p>\n<p>&nbsp;<\/p>\n<p><strong>De la inspiraci\u00f3n literaria a lo autobiogr\u00e1fico<\/strong><\/p>\n<p><strong>\u00a0<\/strong><\/p>\n<p>La construcci\u00f3n de El antiguo esplendor se apoy\u00f3 en distintas referencias literarias y espirituales. Entre las fuentes de inspiraci\u00f3n mencionadas por Ortiz se encuentran los textos rab\u00ednicos de los Midrash, el libro del G\u00e9nesis, La divina comedia de Dante y el libro de los Salmos.<\/p>\n<p>&nbsp;<\/p>\n<p>El compositor tambi\u00e9n incorpor\u00f3 gui\u00f1os a la poes\u00eda de Federico Garc\u00eda Lorca, especialmente en el desarrollo l\u00edrico de las canciones. Sin embargo, al terminar la producci\u00f3n descubri\u00f3 que el resultado hab\u00eda adquirido un sentido personal inesperado \u201cUna vez lo escuch\u00e9 y me doy cuenta de que, sin querer hacerlo, se convierte en una historia profundamente autobiogr\u00e1fica\u201d, relat\u00f3.<\/p>\n<p>&nbsp;<\/p>\n<p>Para el m\u00fasico, esa dimensi\u00f3n autobiogr\u00e1fica surgi\u00f3 precisamente porque el relato del \u00e1lbum aborda experiencias compartidas por muchas personas. La historia personal termin\u00f3 convirti\u00e9ndose en una reflexi\u00f3n sobre la condici\u00f3n humana.<\/p>\n<p>&nbsp;<\/p>\n<p>Ortiz reconoce que presentar m\u00fasica compleja y reflexiva en un contexto dominado por el consumo r\u00e1pido puede representar un desaf\u00edo. Sin embargo, considera que tambi\u00e9n existe un p\u00fablico dispuesto a escuchar propuestas que exigen mayor atenci\u00f3n \u201cAparentemente parecer\u00eda que es casi imposible, con el doble bombardeo que tenemos de im\u00e1genes, de sonido, de m\u00fasica r\u00e1pida, f\u00e1cil, pero yo creo que hay una especie de rebeld\u00eda a la dictadura del algoritmo y de las plataformas\u201d, afirm\u00f3.<\/p>\n<p>&nbsp;<\/p>\n<p>Desde su perspectiva, el inter\u00e9s por la m\u00fasica profunda contin\u00faa vigente. \u201cPara la buena m\u00fasica siempre hay buenos o\u00eddos\u201d, expres\u00f3.<\/p>\n<p>&nbsp;<\/p>\n<p>El proyecto apuesta as\u00ed por canciones que no se agotan en una primera escucha. La intenci\u00f3n es que el p\u00fablico se detenga, escuche el \u00e1lbum completo y acompa\u00f1e el recorrido emocional propuesto por FOP.<\/p>\n<p>&nbsp;<\/p>\n<p>Para Ortiz, la creaci\u00f3n musical adquiere mayor fuerza cuando se realiza de manera colectiva. El m\u00fasico considera que la colaboraci\u00f3n exige dejar de lado el ego y abrir espacio a las aportaciones de los dem\u00e1s integrantes del proyecto \u201cUn buen disco nunca se hace de manera individual. Y eso supone quitarse el ego. El ego es el enemigo n\u00famero uno de la creatividad\u201d, sostuvo.<\/p>\n<p>&nbsp;<\/p>\n<p>La disciplina tambi\u00e9n ocupa un lugar central en el proceso de producci\u00f3n. FOP busc\u00f3 cuidar la ejecuci\u00f3n y la calidad de cada elemento del \u00e1lbum, bajo la idea de que el esfuerzo necesario para hacer un trabajo s\u00f3lido es comparable al que implica hacer uno deficiente \u201cCuesta lo mismo hacerlo bien que hacerlo mal\u201d, afirm\u00f3 Ortiz. \u201cLa m\u00fasica es un arte serio, profundo, es un arte complejo y abstracto\u201d.<\/p>\n<p>&nbsp;<\/p>\n<p><strong>Un viaje sonoro en vivo<\/strong><\/p>\n<p><strong>\u00a0<\/strong><\/p>\n<p>FOP prev\u00e9 comenzar sus presentaciones en vivo a finales de noviembre de 2026. El proyecto prepara un espect\u00e1culo que combinar\u00e1 m\u00fasica, elementos visuales y reflexiones para ampliar la experiencia del \u00e1lbum \u201cVa a ser un show muy inspirador, muy divertido, muy bien ejecutado\u201d, adelant\u00f3 Ortiz. Adem\u00e1s, explic\u00f3 que el grupo ensaya de manera constante para trasladar las canciones al escenario con mayor fuerza que en la grabaci\u00f3n de estudio.<\/p>\n<p>&nbsp;<\/p>\n<p>El espect\u00e1culo contar\u00e1 con el apoyo de artistas visuales. Cada canci\u00f3n estar\u00e1 acompa\u00f1ada por recursos gr\u00e1ficos y audiovisuales, con el objetivo de convertir el concierto en un recorrido introspectivo \u201cSe convierte en un viaje introspectivo, sonoro, divertido e inspirador\u201d, describi\u00f3 el m\u00fasico.<\/p>\n<p>&nbsp;<\/p>\n<p>Aunque FOP no pretende imponer un mensaje espec\u00edfico, Ortiz espera que el p\u00fablico termine la escucha con una sensaci\u00f3n de esperanza. En un contexto marcado por conflictos y crisis, el proyecto busca recordar que todav\u00eda existen posibilidades de transformaci\u00f3n \u201cMe gustar\u00eda que al final la gente se quede con una sensaci\u00f3n bonita y esperanzadora, de que las cosas en este mundo donde todo se est\u00e1 desmoronando pueden ser mejores\u201d, expres\u00f3.<\/p>\n<p>&nbsp;<\/p>\n<p>\u201cEl jard\u00edn perdido\u201d estar\u00e1 disponible a partir del 4 de septiembre en plataformas digitales como Spotify, Apple Music, YouTube, Deezer, Amazon Music y Tidal. El \u00e1lbum completo, El antiguo esplendor, se publicar\u00e1 a finales de octubre de 2026.<\/p>\n<p>&nbsp;<\/p>\n<p>El p\u00fablico puede seguir las actividades de FOP en redes sociales y plataformas digitales mediante la cuenta @fop.music.<\/p>\n<p>&nbsp;<\/p>\n<p>&nbsp;<\/p>\n","protected":false},"excerpt":{"rendered":"<p>Con \u201cEl jard\u00edn perdido\u201d Este 4 de septiembre lanzan el primer sencillo de El antiguo esplendor, \u00e1lbum de 10 canciones inspirado en la ca\u00edda, la oscuridad emocional y la b\u00fasqueda de redenci\u00f3n Por Arturo Arellano &nbsp; Con una propuesta de rock pop ecl\u00e9ctico en espa\u00f1ol, Fernando Ortiz presenta \u201cEl jard\u00edn perdido\u201d, primer adelanto de su [&hellip;]<\/p>\n","protected":false},"author":14,"featured_media":738463,"comment_status":"open","ping_status":"open","sticky":false,"template":"","format":"standard","meta":{"_monsterinsights_skip_tracking":false,"footnotes":""},"categories":[16,12],"tags":[],"class_list":["post-738462","post","type-post","status-publish","format-standard","has-post-thumbnail","hentry","category-destacadas","category-espectaculos"],"_links":{"self":[{"href":"https:\/\/www.diarioimagen.net\/index.php?rest_route=\/wp\/v2\/posts\/738462","targetHints":{"allow":["GET"]}}],"collection":[{"href":"https:\/\/www.diarioimagen.net\/index.php?rest_route=\/wp\/v2\/posts"}],"about":[{"href":"https:\/\/www.diarioimagen.net\/index.php?rest_route=\/wp\/v2\/types\/post"}],"author":[{"embeddable":true,"href":"https:\/\/www.diarioimagen.net\/index.php?rest_route=\/wp\/v2\/users\/14"}],"replies":[{"embeddable":true,"href":"https:\/\/www.diarioimagen.net\/index.php?rest_route=%2Fwp%2Fv2%2Fcomments&post=738462"}],"version-history":[{"count":1,"href":"https:\/\/www.diarioimagen.net\/index.php?rest_route=\/wp\/v2\/posts\/738462\/revisions"}],"predecessor-version":[{"id":738464,"href":"https:\/\/www.diarioimagen.net\/index.php?rest_route=\/wp\/v2\/posts\/738462\/revisions\/738464"}],"wp:featuredmedia":[{"embeddable":true,"href":"https:\/\/www.diarioimagen.net\/index.php?rest_route=\/wp\/v2\/media\/738463"}],"wp:attachment":[{"href":"https:\/\/www.diarioimagen.net\/index.php?rest_route=%2Fwp%2Fv2%2Fmedia&parent=738462"}],"wp:term":[{"taxonomy":"category","embeddable":true,"href":"https:\/\/www.diarioimagen.net\/index.php?rest_route=%2Fwp%2Fv2%2Fcategories&post=738462"},{"taxonomy":"post_tag","embeddable":true,"href":"https:\/\/www.diarioimagen.net\/index.php?rest_route=%2Fwp%2Fv2%2Ftags&post=738462"}],"curies":[{"name":"wp","href":"https:\/\/api.w.org\/{rel}","templated":true}]}}