{"id":738465,"date":"2026-09-03T23:49:34","date_gmt":"2026-09-04T05:49:34","guid":{"rendered":"https:\/\/www.diarioimagen.net\/?p=738465"},"modified":"2026-09-03T23:49:34","modified_gmt":"2026-09-04T05:49:34","slug":"el-trabajo-de-la-secretaria-de-gobernacion-es-ejemplar-destaca-sheinbaum-pardo","status":"publish","type":"post","link":"https:\/\/www.diarioimagen.net\/?p=738465","title":{"rendered":"El trabajo de la Secretar\u00eda  de Gobernaci\u00f3n es ejemplar,  destaca Sheinbaum Pardo"},"content":{"rendered":"<p>&nbsp;<\/p>\n<p><strong>\u00a0<\/strong><\/p>\n<ul>\n<li><strong>Cuida la gobernabilidad y atiende las causas<\/strong><\/li>\n<li><strong>\u201cEs un trabajo muy importante e indispensable para el pa\u00eds el que realiza Rosa Icela de una manera ejemplar con su equipo\u201d, se\u00f1ala<\/strong><\/li>\n<\/ul>\n<div id=\"attachment_738466\" style=\"width: 415px\" class=\"wp-caption alignnone\"><img loading=\"lazy\" decoding=\"async\" aria-describedby=\"caption-attachment-738466\" class=\"wp-image-738466 size-large\" src=\"https:\/\/www.diarioimagen.net\/wp-content\/uploads\/2026\/09\/MANANERA-ok-1-405x270.jpg\" alt=\"\" width=\"405\" height=\"270\" srcset=\"https:\/\/www.diarioimagen.net\/wp-content\/uploads\/2026\/09\/MANANERA-ok-1-405x270.jpg 405w, https:\/\/www.diarioimagen.net\/wp-content\/uploads\/2026\/09\/MANANERA-ok-1-240x160.jpg 240w, https:\/\/www.diarioimagen.net\/wp-content\/uploads\/2026\/09\/MANANERA-ok-1-768x512.jpg 768w, https:\/\/www.diarioimagen.net\/wp-content\/uploads\/2026\/09\/MANANERA-ok-1.jpg 1500w\" sizes=\"auto, (max-width: 405px) 100vw, 405px\" \/><p id=\"caption-attachment-738466\" class=\"wp-caption-text\">Claudia Sheinbaum Pardo destac\u00f3 que el trabajo de la Secretar\u00eda de Gobernaci\u00f3n es ejemplar, cuida la gobernabilidad y ayuda a la implementaci\u00f3n del eje de Atenci\u00f3n a las Causas de la Estrategia Nacional de Seguridad.Claudia Sheinbaum Pardo destac\u00f3 que el trabajo de la Secretar\u00eda de Gobernaci\u00f3n es ejemplar, cuida la gobernabilidad y ayuda a la implementaci\u00f3n del eje de Atenci\u00f3n a las Causas de la Estrategia Nacional de Seguridad.<\/p><\/div>\n<p>&nbsp;<\/p>\n<p>La presidenta Claudia Sheinbaum Pardo destac\u00f3 que el trabajo de la Secretar\u00eda de Gobernaci\u00f3n es ejemplar, cuida la gobernabilidad y ayuda a la implementaci\u00f3n del eje de Atenci\u00f3n a las Causas de la Estrategia Nacional de Seguridad con el cual se han brindado 8.5 millones de tr\u00e1mites y servicios a 4.9 millones de mexicanas y mexicanos.<\/p>\n<p>\u201cEs un trabajo permanente que ayuda much\u00edsimo al pa\u00eds (&#8230;) Es un trabajo muy importante e indispensable para el pa\u00eds que realiza Rosa Icela de una manera ejemplar con su equipo\u201d, puntualiz\u00f3 en la conferencia matutina: \u201cLas ma\u00f1aneras del pueblo\u201d.<\/p>\n<p>Destac\u00f3 que como parte del trabajo de la Secretar\u00eda de Gobernaci\u00f3n se encuentra la atenci\u00f3n a 19 comunidades con el Plan Maestro de la Monta\u00f1a Alta y Baja de Guerrero, que se implementa desde el 12 de mayo y que ha permitido la coordinaci\u00f3n con todas las dependencias del Gobierno de M\u00e9xico para el retorno de familias desplazadas.<\/p>\n<p>Asimismo, la Jefa del Ejecutivo Federal resalt\u00f3 que, a trav\u00e9s de S\u00ed al Desarme, S\u00ed a la Paz se han entregado casi 14 mil armas de fuego, que representan un 40 por ciento de las m\u00e1s de 30 mil armas decomisadas por medio de la Estrategia Nacional de Seguridad.<\/p>\n<p>La secretaria de Gobernaci\u00f3n, Rosa Icela Rodr\u00edguez Vel\u00e1zquez, puntualiz\u00f3 que en los 23 meses del Gobierno de la Presidenta Claudia Sheinbaum se ha trabajado para que prevalezca la gobernabilidad, la pol\u00edtica interior y la construcci\u00f3n de paz.<\/p>\n<p>Explic\u00f3 que con la Atenci\u00f3n a las Causas se han establecido 298 Mesas de Paz, se han realizado 545 mil 207 visitas casa por casa, 869 Ferias de Paz y se entregaron 3.5 millones de art\u00edculos y enseres con los Tianguis del Bienestar.<\/p>\n<p>Detall\u00f3 que se han realizado 8 mil 38 reuniones con grupos y organizaciones para establecer di\u00e1logo, concertaci\u00f3n y con ello alcanzar la resoluci\u00f3n pac\u00edfica de conflictos. Adem\u00e1s, de octubre de 2024 a mayo de 2026 se ha registrado la entrada de 86 millones de visitantes y con la estrategia de repatriaci\u00f3n M\u00e9xico te abraza se ha brindado 1 mill\u00f3n 600 mil servicios.<\/p>\n<p>Inform\u00f3 que se fortaleci\u00f3 la Estrategia Nacional de B\u00fasqueda con 10 acciones:<\/p>\n<ul>\n<li>Garantizar que todos los registros en el Registro Nacional de Personas Desaparecidas y No Localizadas (RNPDNO) cuenten con datos completos.<\/li>\n<li>Lograr que todas las personas desaparecidas cuenten con una carpeta de investigaci\u00f3n.<\/li>\n<li>Informar los avances en la b\u00fasqueda y localizaci\u00f3n de personas.<\/li>\n<li>Alerta Nacional de B\u00fasqueda Inmediata.<\/li>\n<li>B\u00fasqueda en hospitales, centros de reclusi\u00f3n y otras instituciones.<\/li>\n<li>Plan de Identificaci\u00f3n Humana para abatir el rezago forense en conjunto con la FGR.<\/li>\n<li>Trabajo con SSPC y Guardia Nacional para dar de baja p\u00e1ginas y sitios utilizados por grupos delictivos para contactar a j\u00f3venes.<\/li>\n<li>Fortalecimiento de la Comisi\u00f3n Nacional de B\u00fasqueda con personal y equipo especializado.<\/li>\n<li>Atenci\u00f3n a familias de personas desaparecidas y colectivos.<\/li>\n<li>Reuniones con familias y colectivos de todo el pa\u00eds para presentaci\u00f3n de la estrategia.<\/li>\n<\/ul>\n<p>Respecto al caso Ayotzinapa, se\u00f1al\u00f3 que se contin\u00faa con las investigaciones y destac\u00f3 que no habr\u00e1 impunidad, ya que nadie est\u00e1 por encima de la ley. Adem\u00e1s, se dar\u00e1 un informe especial con los avances sobre este tema.<\/p>\n<p>&nbsp;<\/p>\n<p><strong>CSP ofrece apoyo tras multihomicidio<\/strong><\/p>\n<p>&nbsp;<\/p>\n<p>Sheinbaum Pardo ofreci\u00f3 apoyo a los familiares de las v\u00edctimas del multihomicidio ocurrido en Zona Esmeralda, Estado de M\u00e9xico, donde fueron asesinados Jonathan Mel\u00e9ndez, tecladista y fundador de Camilo S\u00e9ptimo, su esposa embarazada, su hija y la empleada dom\u00e9stica.<\/p>\n<p>La primera mandataria\u00a0 asegur\u00f3 que tuvo conocimiento del caso el mi\u00e9rcoles y calific\u00f3 los hechos como una situaci\u00f3n \u201cmuy triste\u201d y \u201clamentable\u201d.<\/p>\n<p>\u201cMe lo informaron desde ayer, en efecto, una situaci\u00f3n muy triste, lamentable, ya hay detenidos y ya se conocen tambi\u00e9n las causas de una disputa que ten\u00eda la familia con otra\u201d, se\u00f1al\u00f3.<\/p>\n<p>Sheinbaum agreg\u00f3 que el Gobierno del Estado de M\u00e9xico ya brinda apoyo a los familiares y asegur\u00f3 que la administraci\u00f3n federal tambi\u00e9n podr\u00e1 intervenir a trav\u00e9s de la Secretar\u00eda de Gobernaci\u00f3n.<\/p>\n<p>&nbsp;<\/p>\n<p>&nbsp;<\/p>\n<p>&nbsp;<\/p>\n<p>&nbsp;<\/p>\n<p><strong>\u201cInzunza es responsable de sus actos y sus dichos\u00bb<\/strong><\/p>\n<p>&nbsp;<\/p>\n<p>\u00abCada quien es responsable de sus actos y de lo que dice\u00bb, afirm\u00f3 este jueves la presidenta Claudia Sheinbaum Pardo al ser cuestionada sobre el regreso del senador Enrique Inzunza al pleno de la C\u00e1mara alta, tema sobre el cual dijo haber respondido \u00abcomo tres veces\u00bb en conferencias anteriores.<\/p>\n<p>La mandataria evit\u00f3 pronunciarse de nuevo sobre el caso particular, En su habitual rueda de prensa en Palacio Nacional<\/p>\n<p>Reiter\u00f3 que, como titular del Ejecutivo federal, decide la pol\u00edtica p\u00fablica, coordina al Gabinete y define el rumbo del gobierno, pero subray\u00f3 que ello no implica injerencia sobre otros poderes ni \u00f3rdenes de gobierno. \u00abCada gobernador es aut\u00f3nomo en su estado. Cada senador y cada diputado toman por conciencia la decisi\u00f3n de su voto\u00bb, dijo.<\/p>\n<p>Sobre el caso concreto de Inzunza, Sheinbaum Pardo sostuvo que el legislador ya conoce su postura, expresada en conferencias previas, pero que la decisi\u00f3n final le corresponde a \u00e9l. \u00abUn senador ya conoce mi opini\u00f3n, ya conoce la opini\u00f3n que he vertido aqu\u00ed durante varias veces, pero la decisi\u00f3n pues finalmente es de la persona\u00bb.<\/p>\n<p>&nbsp;<\/p>\n","protected":false},"excerpt":{"rendered":"<p>&nbsp; \u00a0 Cuida la gobernabilidad y atiende las causas \u201cEs un trabajo muy importante e indispensable para el pa\u00eds el que realiza Rosa Icela de una manera ejemplar con su equipo\u201d, se\u00f1ala &nbsp; La presidenta Claudia Sheinbaum Pardo destac\u00f3 que el trabajo de la Secretar\u00eda de Gobernaci\u00f3n es ejemplar, cuida la gobernabilidad y ayuda a [&hellip;]<\/p>\n","protected":false},"author":14,"featured_media":738466,"comment_status":"open","ping_status":"open","sticky":false,"template":"","format":"standard","meta":{"_monsterinsights_skip_tracking":false,"footnotes":""},"categories":[3],"tags":[],"class_list":["post-738465","post","type-post","status-publish","format-standard","has-post-thumbnail","hentry","category-nacional"],"_links":{"self":[{"href":"https:\/\/www.diarioimagen.net\/index.php?rest_route=\/wp\/v2\/posts\/738465","targetHints":{"allow":["GET"]}}],"collection":[{"href":"https:\/\/www.diarioimagen.net\/index.php?rest_route=\/wp\/v2\/posts"}],"about":[{"href":"https:\/\/www.diarioimagen.net\/index.php?rest_route=\/wp\/v2\/types\/post"}],"author":[{"embeddable":true,"href":"https:\/\/www.diarioimagen.net\/index.php?rest_route=\/wp\/v2\/users\/14"}],"replies":[{"embeddable":true,"href":"https:\/\/www.diarioimagen.net\/index.php?rest_route=%2Fwp%2Fv2%2Fcomments&post=738465"}],"version-history":[{"count":1,"href":"https:\/\/www.diarioimagen.net\/index.php?rest_route=\/wp\/v2\/posts\/738465\/revisions"}],"predecessor-version":[{"id":738467,"href":"https:\/\/www.diarioimagen.net\/index.php?rest_route=\/wp\/v2\/posts\/738465\/revisions\/738467"}],"wp:featuredmedia":[{"embeddable":true,"href":"https:\/\/www.diarioimagen.net\/index.php?rest_route=\/wp\/v2\/media\/738466"}],"wp:attachment":[{"href":"https:\/\/www.diarioimagen.net\/index.php?rest_route=%2Fwp%2Fv2%2Fmedia&parent=738465"}],"wp:term":[{"taxonomy":"category","embeddable":true,"href":"https:\/\/www.diarioimagen.net\/index.php?rest_route=%2Fwp%2Fv2%2Fcategories&post=738465"},{"taxonomy":"post_tag","embeddable":true,"href":"https:\/\/www.diarioimagen.net\/index.php?rest_route=%2Fwp%2Fv2%2Ftags&post=738465"}],"curies":[{"name":"wp","href":"https:\/\/api.w.org\/{rel}","templated":true}]}}