{"id":738468,"date":"2026-09-03T23:51:25","date_gmt":"2026-09-04T05:51:25","guid":{"rendered":"https:\/\/www.diarioimagen.net\/?p=738468"},"modified":"2026-09-03T23:51:25","modified_gmt":"2026-09-04T05:51:25","slug":"brote-de-gastroenteritis-infecciosa-aguda-afecta-a-135-medicos-del-hospital-general","status":"publish","type":"post","link":"https:\/\/www.diarioimagen.net\/?p=738468","title":{"rendered":"Brote de gastroenteritis  infecciosa aguda afecta a 135  m\u00e9dicos del Hospital General"},"content":{"rendered":"<p>&nbsp;<\/p>\n<ul>\n<li><strong>Hay 41 hospitalizados<\/strong><\/li>\n<li><strong>Est\u00e1 asociado al consumo de alimentos proporcionados por el servicio subrogado de comedor institucional<\/strong><\/li>\n<\/ul>\n<p>&nbsp;<\/p>\n<p>&nbsp;<\/p>\n<div id=\"attachment_738469\" style=\"width: 415px\" class=\"wp-caption alignnone\"><img loading=\"lazy\" decoding=\"async\" aria-describedby=\"caption-attachment-738469\" class=\"wp-image-738469 size-large\" src=\"https:\/\/www.diarioimagen.net\/wp-content\/uploads\/2026\/09\/BROTE-1-a-ok--405x270.jpg\" alt=\"\" width=\"405\" height=\"270\" srcset=\"https:\/\/www.diarioimagen.net\/wp-content\/uploads\/2026\/09\/BROTE-1-a-ok--405x270.jpg 405w, https:\/\/www.diarioimagen.net\/wp-content\/uploads\/2026\/09\/BROTE-1-a-ok--240x160.jpg 240w, https:\/\/www.diarioimagen.net\/wp-content\/uploads\/2026\/09\/BROTE-1-a-ok--768x511.jpg 768w, https:\/\/www.diarioimagen.net\/wp-content\/uploads\/2026\/09\/BROTE-1-a-ok-.jpg 1500w\" sizes=\"auto, (max-width: 405px) 100vw, 405px\" \/><p id=\"caption-attachment-738469\" class=\"wp-caption-text\">El Hospital General de M\u00e9xico \u201cclausur\u00f3 de forma inmediata el servicio de comedor, tras detectar un severo brote de gastroenteritis infecciosa aguda. Esta emergencia sanitaria dej\u00f3 a 135 m\u00e9dicos residentes y de alta especialidad con s\u00edntomas de intoxicaci\u00f3n alimentaria.<\/p><\/div>\n<p>Se registr\u00f3 en el hospital General de M\u00e9xico, Doctor Eduardo Liceaga un brote de gastroenteritis infecciosa aguda que afecta a un grupo de m\u00e9dicos residentes y de alta especialidad asociado al consumo de alimentos proporcionados por el servicio subrogado de comedor institucional.<\/p>\n<p>El hospital a trav\u00e9s de una tarjeta informativa asegur\u00f3 que la situaci\u00f3n fue identificada el pasado 31 de agosto cuando se registr\u00f3 un aumento s\u00fabito de personas con s\u00edntomas gastrointestinales. Aunque los afectados se\u00f1alaron que puede ser salmonella.<\/p>\n<p>De acuerdo con la informaci\u00f3n disponible 135 m\u00e9dicos residentes de alta especialidad presentaron s\u00edntomas, principalmente dolor abdominal, diarrea, febr\u00edcula y v\u00f3mitos.<\/p>\n<p>Hasta el d\u00eda de ayer, 3 de septiembre, indic\u00f3 el hospital 41 personas permanecen hospitalizadas para vigilancia y tratamiento. \u201cTodas se encuentran estables y bajo vigilancia m\u00e9dica\u201d.<\/p>\n<p>Como parte de la investigaci\u00f3n se realizaron estudios de laboratorio que corroboraron la presencia de Salmonella spp. En los casos analizados se identific\u00f3 adem\u00e1s infecci\u00f3n escherichia coli enterotoxig\u00e9nica.<\/p>\n<p>&nbsp;<\/p>\n<p><strong>Suspenden servicio de comedor<\/strong><\/p>\n<p><strong>\u00a0<\/strong><\/p>\n<p>Ante esta situaci\u00f3n el Hospital General de M\u00e9xico suspendi\u00f3 de inmediato el servicio subrogado de comedor para m\u00e9dicos residentes y mantiene una estrategia de b\u00fasqueda y seguimiento de casos entre las personas potencialmente expuestas.<\/p>\n<p>La investigaci\u00f3n epidemiol\u00f3gica y sanitaria continua para determinar la fuente espec\u00edfica de contaminaci\u00f3n y establecer las medidas adicionales de prevenci\u00f3n y control.<\/p>\n<p>&nbsp;<\/p>\n<p><strong>Preocupaci\u00f3n por diversas deficiencias<\/strong><\/p>\n<p>&nbsp;<\/p>\n<p>En tanto, en una carta dirigida a Lorena Guti\u00e9rrez Mart\u00ednez, Encargada del servicio del comedor de residentes Hospital General De M\u00e9xico\u00bb Dr. Eduardo Liceaga\u00bb, los m\u00e9dicos residentes manifestaron su preocupaci\u00f3n por diversas deficiencias que \u201cse presentan de manera recurrente en el servicio del comedor destinado para nuestra alimentaci\u00f3n, particularmente en lo referente a los tiempos de atenci\u00f3n, disponibilidad y calidad de los alimentos, higiene de utensilios y, de manera especialmente preocupante, a la posible inocuidad de los alimentos proporcionados\u201d.<\/p>\n<p>Detallaron que, entre otras situaciones, enfrentan tiempos excesivos de espera para la toma de \u00f3rdenes, que habitualmente oscilan entre 15 y 25 minutos, as\u00ed como lapsos prolongados para recibir los alimentos, llegando en algunas ocasiones hasta aproximadamente una hora despu\u00e9s de haber realizado el pedido.<\/p>\n<p>Adem\u00e1s, denunciaron la entrega frecuente de alimentos a temperatura inadecuada, particularmente alimentos que deber\u00edan servirse calientes y que llegan fr\u00edos a la mesa.<\/p>\n<p>Los m\u00e9dicos residentes del citado nocosomio se\u00f1alaron que hay falta de disponibilidad de los alimentos ofrecidos, \u201csituaci\u00f3n que en ocasiones es informada despu\u00e9s de haber realizado el pedido y esperado por un periodo considerable\u201d.<\/p>\n<p>&nbsp;<\/p>\n<p><strong>Tambi\u00e9n denunciaron problemas de higiene<\/strong><\/p>\n<p>&nbsp;<\/p>\n<p>Los m\u00e9dicos residentes reportaron adem\u00e1s una falta recurrente de cubiertos, lo que generaba nuevos tiempos de espera para poder consumir los alimentos. A esto se sum\u00f3, de acuerdo con su escrito, la detecci\u00f3n en distintas ocasiones de cubiertos con deficiencias evidentes de limpieza y presencia de residuos.<\/p>\n<p>Estas denuncias forman parte del contexto en el que se present\u00f3 el brote, aunque ser\u00e1 la investigaci\u00f3n epidemiol\u00f3gica y sanitaria la que determine si existe una relaci\u00f3n directa entre las condiciones se\u00f1aladas por los residentes y la contaminaci\u00f3n que provoc\u00f3 los casos de gastroenteritis.<\/p>\n<p>Por ahora, el Hospital General de M\u00e9xico mantiene bajo vigilancia a las personas afectadas y contin\u00faa con las acciones para contener el brote y determinar su origen.<\/p>\n<p>&nbsp;<\/p>\n<p>\u00bfQu\u00e9 es gastroenteritis infecciosa aguda?<\/p>\n<p>&nbsp;<\/p>\n<p>De acuerdo con el Instituto Mexicano del Seguro Social (IMSS), la gastroenteritis es una inflamaci\u00f3n intestinal que provoca s\u00edntomas como:<\/p>\n<ul>\n<li>Diarrea<\/li>\n<li>Fiebre<\/li>\n<li>Dolor abdominal<\/li>\n<li>N\u00e1useas<\/li>\n<li>V\u00f3mito<\/li>\n<li>Deshidrataci\u00f3n.<\/li>\n<\/ul>\n<p>&nbsp;<\/p>\n<p>Francisco Iv\u00e1n Hern\u00e1ndez Hern\u00e1ndez, coordinador de Atenci\u00f3n Integral a la Salud en el Primer Nivel del IMSS, se\u00f1al\u00f3 que el calor, la ingesta de alimentos y agua contaminados y los malos h\u00e1bitos de higiene son los principales factores que elevan el riesgo de enfermedad, en particular durante la temporada de altas temperaturas.<\/p>\n<p>&nbsp;<\/p>\n<p>&nbsp;<\/p>\n<p>&nbsp;<\/p>\n<p>&nbsp;<\/p>\n","protected":false},"excerpt":{"rendered":"<p>&nbsp; Hay 41 hospitalizados Est\u00e1 asociado al consumo de alimentos proporcionados por el servicio subrogado de comedor institucional &nbsp; &nbsp; Se registr\u00f3 en el hospital General de M\u00e9xico, Doctor Eduardo Liceaga un brote de gastroenteritis infecciosa aguda que afecta a un grupo de m\u00e9dicos residentes y de alta especialidad asociado al consumo de alimentos proporcionados [&hellip;]<\/p>\n","protected":false},"author":14,"featured_media":738469,"comment_status":"open","ping_status":"open","sticky":false,"template":"","format":"standard","meta":{"_monsterinsights_skip_tracking":false,"footnotes":""},"categories":[16,877],"tags":[],"class_list":["post-738468","post","type-post","status-publish","format-standard","has-post-thumbnail","hentry","category-destacadas","category-salud"],"_links":{"self":[{"href":"https:\/\/www.diarioimagen.net\/index.php?rest_route=\/wp\/v2\/posts\/738468","targetHints":{"allow":["GET"]}}],"collection":[{"href":"https:\/\/www.diarioimagen.net\/index.php?rest_route=\/wp\/v2\/posts"}],"about":[{"href":"https:\/\/www.diarioimagen.net\/index.php?rest_route=\/wp\/v2\/types\/post"}],"author":[{"embeddable":true,"href":"https:\/\/www.diarioimagen.net\/index.php?rest_route=\/wp\/v2\/users\/14"}],"replies":[{"embeddable":true,"href":"https:\/\/www.diarioimagen.net\/index.php?rest_route=%2Fwp%2Fv2%2Fcomments&post=738468"}],"version-history":[{"count":1,"href":"https:\/\/www.diarioimagen.net\/index.php?rest_route=\/wp\/v2\/posts\/738468\/revisions"}],"predecessor-version":[{"id":738470,"href":"https:\/\/www.diarioimagen.net\/index.php?rest_route=\/wp\/v2\/posts\/738468\/revisions\/738470"}],"wp:featuredmedia":[{"embeddable":true,"href":"https:\/\/www.diarioimagen.net\/index.php?rest_route=\/wp\/v2\/media\/738469"}],"wp:attachment":[{"href":"https:\/\/www.diarioimagen.net\/index.php?rest_route=%2Fwp%2Fv2%2Fmedia&parent=738468"}],"wp:term":[{"taxonomy":"category","embeddable":true,"href":"https:\/\/www.diarioimagen.net\/index.php?rest_route=%2Fwp%2Fv2%2Fcategories&post=738468"},{"taxonomy":"post_tag","embeddable":true,"href":"https:\/\/www.diarioimagen.net\/index.php?rest_route=%2Fwp%2Fv2%2Ftags&post=738468"}],"curies":[{"name":"wp","href":"https:\/\/api.w.org\/{rel}","templated":true}]}}