{"id":738474,"date":"2026-09-04T00:02:43","date_gmt":"2026-09-04T06:02:43","guid":{"rendered":"https:\/\/www.diarioimagen.net\/?p=738474"},"modified":"2026-09-04T00:02:43","modified_gmt":"2026-09-04T06:02:43","slug":"mag-guerra-alvarez-el-derecho-procesal-el-termometro-democratico-de-una-nacion","status":"publish","type":"post","link":"https:\/\/www.diarioimagen.net\/?p=738474","title":{"rendered":"Mag. Guerra \u00c1lvarez: el derecho procesal,  el term\u00f3metro democr\u00e1tico de una naci\u00f3n"},"content":{"rendered":"<p>&nbsp;<\/p>\n<p><strong>\u00a0<\/strong><\/p>\n<ul>\n<li><strong>Funge como garante de la justicia y los derechos humanos, de ah\u00ed la relevancia de este tratado para la comunidad jur\u00eddica y la formaci\u00f3n de nuevas generaciones de abogados<\/strong><\/li>\n<\/ul>\n<p><strong>\u00a0<\/strong><\/p>\n<div id=\"attachment_738475\" style=\"width: 415px\" class=\"wp-caption alignnone\"><img loading=\"lazy\" decoding=\"async\" aria-describedby=\"caption-attachment-738475\" class=\"wp-image-738475 size-large\" src=\"https:\/\/www.diarioimagen.net\/wp-content\/uploads\/2026\/09\/PJCDMX-1-405x270.jpeg\" alt=\"\" width=\"405\" height=\"270\" srcset=\"https:\/\/www.diarioimagen.net\/wp-content\/uploads\/2026\/09\/PJCDMX-1-405x270.jpeg 405w, https:\/\/www.diarioimagen.net\/wp-content\/uploads\/2026\/09\/PJCDMX-1-240x160.jpeg 240w, https:\/\/www.diarioimagen.net\/wp-content\/uploads\/2026\/09\/PJCDMX-1-768x512.jpeg 768w, https:\/\/www.diarioimagen.net\/wp-content\/uploads\/2026\/09\/PJCDMX-1-1536x1024.jpeg 1536w, https:\/\/www.diarioimagen.net\/wp-content\/uploads\/2026\/09\/PJCDMX-1-2048x1365.jpeg 2048w\" sizes=\"auto, (max-width: 405px) 100vw, 405px\" \/><p id=\"caption-attachment-738475\" class=\"wp-caption-text\">El magistrado Rafael Guerra \u00c1lvarez, presidente del Tribunal Superior de Justicia del Poder Judicial de la Ciudad de M\u00e9xico, encabez\u00f3 la presentaci\u00f3n del libro Tratado de Derecho Procesal Penal.<\/p><\/div>\n<div id=\"attachment_738476\" style=\"width: 376px\" class=\"wp-caption alignnone\"><img loading=\"lazy\" decoding=\"async\" aria-describedby=\"caption-attachment-738476\" class=\"wp-image-738476 size-large\" src=\"https:\/\/www.diarioimagen.net\/wp-content\/uploads\/2026\/09\/PJCDMX-2-366x270.jpeg\" alt=\"\" width=\"366\" height=\"270\" srcset=\"https:\/\/www.diarioimagen.net\/wp-content\/uploads\/2026\/09\/PJCDMX-2-366x270.jpeg 366w, https:\/\/www.diarioimagen.net\/wp-content\/uploads\/2026\/09\/PJCDMX-2-240x177.jpeg 240w, https:\/\/www.diarioimagen.net\/wp-content\/uploads\/2026\/09\/PJCDMX-2-768x566.jpeg 768w, https:\/\/www.diarioimagen.net\/wp-content\/uploads\/2026\/09\/PJCDMX-2-1536x1132.jpeg 1536w, https:\/\/www.diarioimagen.net\/wp-content\/uploads\/2026\/09\/PJCDMX-2-90x65.jpeg 90w, https:\/\/www.diarioimagen.net\/wp-content\/uploads\/2026\/09\/PJCDMX-2.jpeg 1575w\" sizes=\"auto, (max-width: 366px) 100vw, 366px\" \/><p id=\"caption-attachment-738476\" class=\"wp-caption-text\">Rafael Guerra \u00c1lvarez reconoci\u00f3 la trayectoria acad\u00e9mica, jurisdiccional y docente de V\u00edctor Hugo Gonz\u00e1lez Rodr\u00edguez, a quien consider\u00f3 uno de los principales referentes contempor\u00e1neos del derecho procesal penal en M\u00e9xico.<\/p><\/div>\n<div id=\"attachment_738477\" style=\"width: 409px\" class=\"wp-caption alignnone\"><img loading=\"lazy\" decoding=\"async\" aria-describedby=\"caption-attachment-738477\" class=\"wp-image-738477 size-large\" src=\"https:\/\/www.diarioimagen.net\/wp-content\/uploads\/2026\/09\/PJCDMX-3-399x270.jpeg\" alt=\"\" width=\"399\" height=\"270\" srcset=\"https:\/\/www.diarioimagen.net\/wp-content\/uploads\/2026\/09\/PJCDMX-3-399x270.jpeg 399w, https:\/\/www.diarioimagen.net\/wp-content\/uploads\/2026\/09\/PJCDMX-3-240x162.jpeg 240w, https:\/\/www.diarioimagen.net\/wp-content\/uploads\/2026\/09\/PJCDMX-3-768x520.jpeg 768w, https:\/\/www.diarioimagen.net\/wp-content\/uploads\/2026\/09\/PJCDMX-3-1536x1039.jpeg 1536w, https:\/\/www.diarioimagen.net\/wp-content\/uploads\/2026\/09\/PJCDMX-3-2048x1386.jpeg 2048w\" sizes=\"auto, (max-width: 399px) 100vw, 399px\" \/><p id=\"caption-attachment-738477\" class=\"wp-caption-text\">El evento cont\u00f3 con la presencia del presidente magistrado y la magistrada del Tribunal de Disciplina Judicial de la Ciudad de M\u00e9xico, Nicol\u00e1s Jer\u00f3nimo Alejo e Ixchel Sara\u00ed \u00c1lzaga Alc\u00e1ntara; as\u00ed como de las administradoras del OAJ, Sara Alicia Alvarado Avenda\u00f1o y Reyna Concepci\u00f3n Mince Serrano.<\/p><\/div>\n<p>&nbsp;<\/p>\n<p>El derecho procesal penal es el \u201cterm\u00f3metro democr\u00e1tico de una naci\u00f3n\u201d, pues es en esta materia donde se desarrolla la labor de equilibrar la persecuci\u00f3n leg\u00edtima del delito con la salvaguarda de los derechos fundamentales, se\u00f1al\u00f3 el magistrado Rafael Guerra \u00c1lvarez presidente del Tribunal Superior de Justicia (TSJ) del Poder Judicial de la Ciudad de M\u00e9xico (PJCDMX). Lo anterior, en la presentaci\u00f3n del libro Tratado de Derecho Procesal Penal, del administrador del \u00d3rgano de Administraci\u00f3n Judicial (OAJ) local, V\u00edctor Hugo Gonz\u00e1lez Rodr\u00edguez.<\/p>\n<p>En el marco de las actividades de la D\u00e9cimo S\u00e9ptima Feria Nacional del Libro Jur\u00eddico, el magistrado Guerra \u00c1lvarez destac\u00f3 que el valor del derecho procesal penal funge como garante de la justicia y los derechos humanos; por ello resalt\u00f3 la relevancia de la obra para la comunidad jur\u00eddica y la formaci\u00f3n de nuevas generaciones de abogadas y abogados. Dijo que:<\/p>\n<p>\u201cDetr\u00e1s de cada carpeta, de cada audiencia, de cada medida cautelar o de cada sentencia, no hay meros conceptos te\u00f3ricos; hay rostros humanos, personas, historias de vida, libertades en juego y familias que aguardan con angustia o esperanza el dictado de la ley\u201d. Adem\u00e1s, expres\u00f3 que el derecho procesal penal constituye una de las principales herramientas para garantizar la certeza y la seguridad jur\u00eddica de las personas, al tiempo que permite equilibrar el poder leg\u00edtimo del Estado para perseguir el delito con la protecci\u00f3n de los derechos humanos y la presunci\u00f3n de inocencia.<\/p>\n<p>En el Auditorio Benito Ju\u00e1rez, y ante la presencia del presidente magistrado y la magistrada del Tribunal de Disciplina Judicial (TDJ) de la Ciudad de M\u00e9xico, Nicol\u00e1s Jer\u00f3nimo Alejo e Ixchel Sara\u00ed \u00c1lzaga Alc\u00e1ntara; as\u00ed como de las administradoras del OAJ, Sara Alicia Alvarado Avenda\u00f1o y Reyna Concepci\u00f3n Mince Serrano, el magistrado reconoci\u00f3 la trayectoria acad\u00e9mica, jurisdiccional y docente de Gonz\u00e1lez Rodr\u00edguez, a quien consider\u00f3 uno de los principales referentes contempor\u00e1neos del derecho procesal penal en M\u00e9xico.<\/p>\n<p>Por su parte, el autor del tratado Gonz\u00e1lez Rodr\u00edguez se\u00f1al\u00f3 que el procedimiento penal es el mecanismo m\u00e1s civilizado con que la humanidad cuenta para resolver sus conflictos, por lo que conocerlo y aplicarlo desde el respeto a los derechos humanos, fortalece una sociedad democr\u00e1tica comprometida con la construcci\u00f3n de una justicia como la que conceb\u00eda Arist\u00f3teles. Destac\u00f3 que quienes participan en la procuraci\u00f3n y administraci\u00f3n de justicia tienen la responsabilidad de mantener vigentes los ideales del Estado de derecho.<\/p>\n<p>La magistrada de la sexta sala penal del TSJ, Anaid Elena Valero Manzano, coment\u00f3 que la presente obra es esencial para cualquier persona jurista en M\u00e9xico, no s\u00f3lo por la trayectoria del autor como impartidor y administrador de justicia, sino tambi\u00e9n por su amplia experiencia docente en distintas aulas del pa\u00eds.<\/p>\n<p>El director general del Instituto de Estudios Judiciales del PJCDMX, Paul Mart\u00edn Barba -quien fungi\u00f3 como moderador-, se\u00f1al\u00f3 que la obra debe ser entendida desde los temas que integran el C\u00f3digo Nacional de Procedimientos Penales. Adem\u00e1s, reconoci\u00f3 el equilibrio entre la dogm\u00e1tica y la propia pr\u00e1ctica, por lo que augur\u00f3, esta ser\u00e1 otra otro gran acierto de la carrera acad\u00e9mica y profesional de Gonz\u00e1lez Rodr\u00edguez.<\/p>\n<p>&nbsp;<\/p>\n<p>&nbsp;<\/p>\n<p><strong>\u00a0<\/strong><\/p>\n<p>&nbsp;<\/p>\n<p><strong>\u00a0<\/strong><\/p>\n","protected":false},"excerpt":{"rendered":"<p>&nbsp; \u00a0 Funge como garante de la justicia y los derechos humanos, de ah\u00ed la relevancia de este tratado para la comunidad jur\u00eddica y la formaci\u00f3n de nuevas generaciones de abogados \u00a0 &nbsp; El derecho procesal penal es el \u201cterm\u00f3metro democr\u00e1tico de una naci\u00f3n\u201d, pues es en esta materia donde se desarrolla la labor de [&hellip;]<\/p>\n","protected":false},"author":14,"featured_media":738475,"comment_status":"open","ping_status":"open","sticky":false,"template":"","format":"standard","meta":{"_monsterinsights_skip_tracking":false,"footnotes":""},"categories":[6],"tags":[],"class_list":["post-738474","post","type-post","status-publish","format-standard","has-post-thumbnail","hentry","category-cd-de-mexico"],"_links":{"self":[{"href":"https:\/\/www.diarioimagen.net\/index.php?rest_route=\/wp\/v2\/posts\/738474","targetHints":{"allow":["GET"]}}],"collection":[{"href":"https:\/\/www.diarioimagen.net\/index.php?rest_route=\/wp\/v2\/posts"}],"about":[{"href":"https:\/\/www.diarioimagen.net\/index.php?rest_route=\/wp\/v2\/types\/post"}],"author":[{"embeddable":true,"href":"https:\/\/www.diarioimagen.net\/index.php?rest_route=\/wp\/v2\/users\/14"}],"replies":[{"embeddable":true,"href":"https:\/\/www.diarioimagen.net\/index.php?rest_route=%2Fwp%2Fv2%2Fcomments&post=738474"}],"version-history":[{"count":1,"href":"https:\/\/www.diarioimagen.net\/index.php?rest_route=\/wp\/v2\/posts\/738474\/revisions"}],"predecessor-version":[{"id":738478,"href":"https:\/\/www.diarioimagen.net\/index.php?rest_route=\/wp\/v2\/posts\/738474\/revisions\/738478"}],"wp:featuredmedia":[{"embeddable":true,"href":"https:\/\/www.diarioimagen.net\/index.php?rest_route=\/wp\/v2\/media\/738475"}],"wp:attachment":[{"href":"https:\/\/www.diarioimagen.net\/index.php?rest_route=%2Fwp%2Fv2%2Fmedia&parent=738474"}],"wp:term":[{"taxonomy":"category","embeddable":true,"href":"https:\/\/www.diarioimagen.net\/index.php?rest_route=%2Fwp%2Fv2%2Fcategories&post=738474"},{"taxonomy":"post_tag","embeddable":true,"href":"https:\/\/www.diarioimagen.net\/index.php?rest_route=%2Fwp%2Fv2%2Ftags&post=738474"}],"curies":[{"name":"wp","href":"https:\/\/api.w.org\/{rel}","templated":true}]}}