{"id":738485,"date":"2026-09-04T00:13:04","date_gmt":"2026-09-04T06:13:04","guid":{"rendered":"https:\/\/www.diarioimagen.net\/?p=738485"},"modified":"2026-09-04T00:13:04","modified_gmt":"2026-09-04T06:13:04","slug":"uaemex-pone-el-cuidado-en-el-centro-de-la-vida-universitaria","status":"publish","type":"post","link":"https:\/\/www.diarioimagen.net\/?p=738485","title":{"rendered":"UAEM\u00e9x pone el cuidado en el centro de la vida universitaria"},"content":{"rendered":"<p>&nbsp;<\/p>\n<ul>\n<li><strong>La Pol\u00edtica Institucional para la Universidad Cuidadora, impulsada por la rectora Martha Patricia Zarza Delgado, establece una ruta para transformar la cultura organizacional, fortalecer la igualdad sustantiva y generar condiciones que permitan desarrollar sus proyectos de vida<\/strong><\/li>\n<\/ul>\n<div id=\"attachment_738486\" style=\"width: 470px\" class=\"wp-caption alignnone\"><img loading=\"lazy\" decoding=\"async\" aria-describedby=\"caption-attachment-738486\" class=\"wp-image-738486 size-large\" src=\"https:\/\/www.diarioimagen.net\/wp-content\/uploads\/2026\/09\/UAEM-1-460x252.jpg\" alt=\"\" width=\"460\" height=\"252\" srcset=\"https:\/\/www.diarioimagen.net\/wp-content\/uploads\/2026\/09\/UAEM-1-460x252.jpg 460w, https:\/\/www.diarioimagen.net\/wp-content\/uploads\/2026\/09\/UAEM-1-240x132.jpg 240w, https:\/\/www.diarioimagen.net\/wp-content\/uploads\/2026\/09\/UAEM-1-768x421.jpg 768w, https:\/\/www.diarioimagen.net\/wp-content\/uploads\/2026\/09\/UAEM-1-1536x842.jpg 1536w, https:\/\/www.diarioimagen.net\/wp-content\/uploads\/2026\/09\/UAEM-1.jpg 1890w\" sizes=\"auto, (max-width: 460px) 100vw, 460px\" \/><p id=\"caption-attachment-738486\" class=\"wp-caption-text\">La rectora Paty Zarza present\u00f3 la Pol\u00edtica Institucional para la Universidad Cuidadora, una estrategia que coloca el bienestar, los cuidados y la igualdad sustantiva en el centro de sus decisiones y busca transformar las condiciones en las que estudian, trabajan y conviven quienes integran la comunidad verde y oro.<\/p><\/div>\n<p>Toluca, M\u00e9x.- La Universidad Aut\u00f3noma del Estado de M\u00e9xico (UAEM\u00e9x) institucionaliz\u00f3 la perspectiva de cuidados como una prioridad estrat\u00e9gica para transformar las condiciones en las que su comunidad estudia, ense\u00f1a, investiga y trabaja.<\/p>\n<p>A trav\u00e9s de la Pol\u00edtica Institucional para la Universidad Cuidadora, impulsada por la rectora Martha Patricia Zarza Delgado, la instituci\u00f3n establece una ruta de acci\u00f3n para incorporar transversalmente los cuidados en su gesti\u00f3n acad\u00e9mica y administrativa, fortalecer la igualdad sustantiva y generar condiciones que respondan a la diversidad de necesidades de su comunidad.<\/p>\n<p>La nueva pol\u00edtica parte de una premisa fundamental: quienes integran la Universidad no solo estudian, trabajan, ense\u00f1an o investigan; tambi\u00e9n cuidan y requieren cuidados.<\/p>\n<p>Bajo esta visi\u00f3n, la estrategia busca transformar progresivamente la cultura organizacional universitaria mediante la articulaci\u00f3n de programas, infraestructura, mecanismos de coordinaci\u00f3n y acciones estrat\u00e9gicas orientadas al bienestar del estudiantado y del personal acad\u00e9mico y administrativo.<\/p>\n<p>Su objetivo es consolidar a la UAEM\u00e9x como una instituci\u00f3n p\u00fablica corresponsable de transversalizar la perspectiva de cuidados en todas las dimensiones de su gesti\u00f3n, a trav\u00e9s de programas, espacios y acciones que fortalezcan el bienestar de la comunidad universitaria.<\/p>\n<p>La Pol\u00edtica reconoce, adem\u00e1s, que las personas que integran la Universidad viven distintas etapas y circunstancias, con necesidades y responsabilidades de cuidado diversas. Por ello, plantea la generaci\u00f3n de condiciones institucionales para evitar que estas responsabilidades se conviertan en un obst\u00e1culo para estudiar, trabajar, investigar, participar en la vida universitaria o desarrollar plenamente un proyecto de vida.<\/p>\n<p>&nbsp;<\/p>\n<p><strong>Cinco ejes para construir una Universidad Cuidadora<\/strong><\/p>\n<p>&nbsp;<\/p>\n<p>La Pol\u00edtica Institucional se fundamenta en el cuidado como derecho humano y se articula con principios como la perspectiva de g\u00e9nero, la igualdad sustantiva, la dignidad humana, el bienestar comunitario, el autocuidado y la sostenibilidad de la vida.<\/p>\n<p>Para llevar estos principios a la pr\u00e1ctica, establece cinco ejes estrat\u00e9gicos.<\/p>\n<p>El primero, Gesti\u00f3n para la instalaci\u00f3n y operatividad de espacios de cuidado, plantea la consolidaci\u00f3n de una red institucional de espacios que respondan a las necesidades de la comunidad universitaria.<\/p>\n<p>El segundo, Concienciaci\u00f3n y promoci\u00f3n de la Universidad Cuidadora, busca impulsar acciones de comunicaci\u00f3n, sensibilizaci\u00f3n y reconocimiento de los cuidados como parte de la identidad institucional.<\/p>\n<p>El tercer eje, Fortalecimiento del marco normativo progresista de cuidados, contempla adecuar las disposiciones institucionales para favorecer la continuidad de acciones relacionadas con el bienestar, la igualdad sustantiva y la sostenibilidad de la vida.<\/p>\n<p>Por su parte, Bienestar y cuidados integra acciones para reconocer y fortalecer las dimensiones f\u00edsica, emocional, social y ambiental del bienestar, con el prop\u00f3sito de favorecer entornos saludables, inclusivos, seguros y ambientalmente responsables.<\/p>\n<p>Finalmente, Comunidad de la vida incorpora el cuidado y respeto por el medio ambiente como parte de una relaci\u00f3n interdependiente entre la Universidad, su comunidad, el entorno y el bienestar colectivo.<\/p>\n<p>&nbsp;<\/p>\n<p>Una pol\u00edtica para toda la Universidad<\/p>\n<p>La Pol\u00edtica Institucional para la Universidad Cuidadora es de observancia general y obligatoria para los Organismos Acad\u00e9micos, Centros Universitarios, planteles de la Escuela Preparatoria y dependencias acad\u00e9micas y administrativas, de acuerdo con el \u00e1mbito de sus atribuciones y funciones.<\/p>\n<p>Con ello, la UAEM\u00e9x establece que los cuidados no constituyen \u00fanicamente un asunto individual o familiar, sino una responsabilidad que requiere corresponsabilidad social e institucional.<\/p>\n<p>La estrategia busca, adem\u00e1s, construir una pol\u00edtica de largo plazo y una arquitectura institucional capaz de transversalizar la perspectiva de cuidados y de g\u00e9nero en la vida universitaria.<\/p>\n<p>Entre las acciones que acompa\u00f1ar\u00e1n esta transformaci\u00f3n se encuentra el desarrollo progresivo de espacios como salas de lactancia, ludotecas y \u00e1reas de alimentaci\u00f3n, orientados a fortalecer el desarrollo humano, la salud f\u00edsica y emocional, la convivencia y la inclusi\u00f3n de la comunidad universitaria.<\/p>\n<p>Con la Pol\u00edtica Institucional para la Universidad Cuidadora, la UAEM\u00e9x coloca el bienestar y la corresponsabilidad como elementos centrales de su transformaci\u00f3n y abre una ruta para construir una instituci\u00f3n en la que cuidar sea tambi\u00e9n una forma de garantizar la igualdad sustantiva y el pleno desarrollo de todas las personas que forman parte de su comunidad.<\/p>\n<p><strong>\u00a0<\/strong><\/p>\n<p><strong>\u00a0<\/strong><\/p>\n<p><strong>\u00a0<\/strong><\/p>\n<p><strong>\u00a0<\/strong><\/p>\n<p>&nbsp;<\/p>\n","protected":false},"excerpt":{"rendered":"<p>&nbsp; La Pol\u00edtica Institucional para la Universidad Cuidadora, impulsada por la rectora Martha Patricia Zarza Delgado, establece una ruta para transformar la cultura organizacional, fortalecer la igualdad sustantiva y generar condiciones que permitan desarrollar sus proyectos de vida Toluca, M\u00e9x.- La Universidad Aut\u00f3noma del Estado de M\u00e9xico (UAEM\u00e9x) institucionaliz\u00f3 la perspectiva de cuidados como una [&hellip;]<\/p>\n","protected":false},"author":14,"featured_media":738486,"comment_status":"open","ping_status":"open","sticky":false,"template":"","format":"standard","meta":{"_monsterinsights_skip_tracking":false,"footnotes":""},"categories":[16,5],"tags":[],"class_list":["post-738485","post","type-post","status-publish","format-standard","has-post-thumbnail","hentry","category-destacadas","category-estado-de-mexico"],"_links":{"self":[{"href":"https:\/\/www.diarioimagen.net\/index.php?rest_route=\/wp\/v2\/posts\/738485","targetHints":{"allow":["GET"]}}],"collection":[{"href":"https:\/\/www.diarioimagen.net\/index.php?rest_route=\/wp\/v2\/posts"}],"about":[{"href":"https:\/\/www.diarioimagen.net\/index.php?rest_route=\/wp\/v2\/types\/post"}],"author":[{"embeddable":true,"href":"https:\/\/www.diarioimagen.net\/index.php?rest_route=\/wp\/v2\/users\/14"}],"replies":[{"embeddable":true,"href":"https:\/\/www.diarioimagen.net\/index.php?rest_route=%2Fwp%2Fv2%2Fcomments&post=738485"}],"version-history":[{"count":1,"href":"https:\/\/www.diarioimagen.net\/index.php?rest_route=\/wp\/v2\/posts\/738485\/revisions"}],"predecessor-version":[{"id":738487,"href":"https:\/\/www.diarioimagen.net\/index.php?rest_route=\/wp\/v2\/posts\/738485\/revisions\/738487"}],"wp:featuredmedia":[{"embeddable":true,"href":"https:\/\/www.diarioimagen.net\/index.php?rest_route=\/wp\/v2\/media\/738486"}],"wp:attachment":[{"href":"https:\/\/www.diarioimagen.net\/index.php?rest_route=%2Fwp%2Fv2%2Fmedia&parent=738485"}],"wp:term":[{"taxonomy":"category","embeddable":true,"href":"https:\/\/www.diarioimagen.net\/index.php?rest_route=%2Fwp%2Fv2%2Fcategories&post=738485"},{"taxonomy":"post_tag","embeddable":true,"href":"https:\/\/www.diarioimagen.net\/index.php?rest_route=%2Fwp%2Fv2%2Ftags&post=738485"}],"curies":[{"name":"wp","href":"https:\/\/api.w.org\/{rel}","templated":true}]}}