{"id":738488,"date":"2026-09-04T00:14:04","date_gmt":"2026-09-04T06:14:04","guid":{"rendered":"https:\/\/www.diarioimagen.net\/?p=738488"},"modified":"2026-09-04T00:14:04","modified_gmt":"2026-09-04T06:14:04","slug":"amlo-no-gobierna-en-mexico-afirma-sheinbaum-los-hechos-dicen-lo-contrario","status":"publish","type":"post","link":"https:\/\/www.diarioimagen.net\/?p=738488","title":{"rendered":"AMLO no gobierna en M\u00e9xico, afirma  Sheinbaum; los hechos dicen lo contrario"},"content":{"rendered":"<p><strong>\u00a0<\/strong><\/p>\n<p><strong>TRAS LA PUERTA DEL PODER Roberto Vizca\u00edno<\/strong><\/p>\n<p><strong>\u00a0<\/strong><\/p>\n<p>&nbsp;<\/p>\n<p>&nbsp;<\/p>\n<p><strong>\u00a0<\/strong><\/p>\n<p>Mientras los hechos y sus consecuencias, la estrategia de no tocar ni programas ni obras in\u00fatiles y que desde antes de iniciarlas eran ya un fracaso, de no abrir expedientes contra personajes cercanos a \u00e9l, a sus hijos metidos hasta el cuello en negocios turbios y contratos multimillonarios, la red del huachicol y la exhibici\u00f3n de lujos, gastos sin l\u00edmite indican todo lo contrario, ella afirma:<\/p>\n<p>\u201cNo me ha enviado ni un mensaje ni nada\u2026<\/p>\n<p>\u201cHa sido extremadamente respetuoso. No ha habido una sola llamada que me haya dicho, haz esto es aquello\u2026<\/p>\n<p>\u201cEsta idea de que detr\u00e1s de la Presidenta est\u00e1 gobernando\u00a0<strong>L\u00f3pez Obrador, <\/strong>pues es una idea muy machista,\u00a0la verdad\u2026 de que las mujeres no tenemos ninguna posibilidad de desarrollar gobierno o de que no hay capacidad de nadie m\u00e1s que en el presidente\u00a0<strong>L\u00f3pez Obrador<\/strong>.<\/p>\n<p>\u201cPrimero, (\u00e9l) ha sido muy respetuoso; segundo, toda esta idea que (los opositores, los analistas, polit\u00f3logos, columnistas, conductores, etc) han querido plantar, de que\u00a0<strong>L\u00f3pez Obrador<\/strong>\u00a0sigue gobernando, pues tiene que ver con una idea de que las mujeres no podemos ejercer el gobierno y, tercero, ahora que pas\u00f3 lo de Sinaloa, lo de\u00a0<strong>Rocha (Moya<\/strong>) y dem\u00e1s, ahora ya se inventaron de que hay una pugna interna, y de que vamos a ver si la Presidenta ahora s\u00ed pone a sus candidatos para demostrar que tiene el control del pa\u00eds\u2026 \u00a1<strong>bueno<\/strong>!&#8230;<\/p>\n<p>\u201cLos candidatos en Morena los pone el pueblo porque los ponen las encuestas, ni siquiera la Presidenta participa. Ni en su momento el presidente L\u00f3pez Obrador, en definir a los candidatos\u2026 eso es lo que le da una enorme cohesi\u00f3n a nuestro movimiento\u2026 es absolutamente falso\u2026<\/p>\n<p>\u201cLo qu\u00e9 quieren (los opositores, analistas, periodistas y hasta el gobierno de EU) es incidir en una divisi\u00f3n, eso s\u00ed, quieren\u2026<\/p>\n<p>\u201cEllos quieren que haya una divisi\u00f3n. \u00bfPara qu\u00e9? Pues para debilitar al movimiento (la 4T, a Morena) que representamos. Pero otra vez van a fracasar.<\/p>\n<p>\u201cLa aprobaci\u00f3n que tenemos, o que tiene el gobierno de M\u00e9xico -porque no solo es la Presidenta-, tiene que ver con que no hemos traicionado, con que nos mantenemos, primero: con los principios que siempre mantuvimos\u2026 Principios que tienen que ver con:\u00a0<strong>no robar, no mentir y no traicionar al pueblo<\/strong>.<\/p>\n<p>\u201cPero tambi\u00e9n, con principios que tienen que ver con\u00a0<strong>c\u00f3mo gobernamos<\/strong>,\u00a0<strong>las pol\u00edticas que definimos,<\/strong>\u00a0<strong>los programas que definimos<\/strong>,\u00a0<strong>qu\u00e9 visi\u00f3n tenemos de la prosperidad compartida<\/strong>,\u00a0<strong>la de por el bien de todos, primero los pobres\u201d<\/strong>.<\/p>\n<p>&nbsp;<\/p>\n<p>&nbsp;<\/p>\n<p>&nbsp;<\/p>\n<p><strong>Quieren en Wwashington dividir, minar a la 4T: Sheinbaum<\/strong><\/p>\n<p><strong>\u00a0<\/strong><\/p>\n<p>&nbsp;<\/p>\n<p>Por lo dem\u00e1s, la Presidenta, igual, consider\u00f3 que los reconocimientos hechos por el director de la DEA,\u00a0<strong>Terry Cole,<\/strong>\u00a0al secretario de Seguridad de M\u00e9xico, a\u00a0<strong>Omar Garc\u00eda Harfuch,<\/strong>\u00a0no fueron por logros de su propio gobierno en Seguridad, sino que esconden la intenci\u00f3n de crear, afirm\u00f3, envidias electorales, de fracturar la unidad en su gabinete, en la 4T y entre morenistas.<\/p>\n<p>La estrategia del gobierno de EU (de\u00a0<strong>Donald Trump<\/strong>), afirma, es:<\/p>\n<p>\u201cEllos buscan debilitar a los gobiernos\u2026 es uno de sus objetivos: dividirnos internamente, es una de sus estrategias\u2026 siempre generar divisiones al interior del Gabinete de Seguridad, generar divisi\u00f3n al interior del gabinete federal.<\/p>\n<p>\u201cPero se topan con pared, porque el Gabinete de Seguridad del gobierno de M\u00e9xico tiene una coordinaci\u00f3n y una enorme coherencia\u2026 (en el gobierno de EU) piensan que por hablar bien de uno, y mal de otro otros, van a generar al interior divisi\u00f3n, pero, pues, fracasan\u201d, concluy\u00f3.<\/p>\n<p>Sin embargo, existen quienes como\u00a0<strong>Omar Garc\u00eda Harfuch,<\/strong>\u00a0el general\u00a0<strong>Ricardo Trevilla,<\/strong>\u00a0el secretario de Marina, el almirante\u00a0<strong>Raymundo Pedro Morales \u00c1ngeles,<\/strong>\u00a0que para nada les llama estar en la misma bolsa del Departamento de Estado, del Tesoro o de la DEA, el FBI o la CIA, donde tienen a\u00a0<strong>Andy L\u00f3pez Beltran<\/strong>, el senador\u00a0<strong>Ad\u00e1n Augusto L\u00f3pez<\/strong>,\u00a0<strong>a Rub\u00e9n Rocha Moya<\/strong>\u00a0o al\u00a0<strong>senador Enrique Inzunza<\/strong>, la gobernadora de BC,\u00a0<strong>Marina del Pilar,<\/strong>\u00a0o el gobernador de Tamaulipas,\u00a0<strong>Am\u00e9rico Villarreal,<\/strong>\u00a0y el de Sonora,\u00a0<strong>Alfonso Durazo,<\/strong>\u00a0y decenas de funcionarios, gobernadores, alcaldes, senadores y diputados morenistas m\u00e1s como aliados de narcos y del crimen organizado<strong>.<\/strong><\/p>\n<p><strong>\u00a0<\/strong><\/p>\n<p>&nbsp;<\/p>\n<p><strong>Inicia la revisi\u00f3n del Informe: Higinio Mart\u00ednez<\/strong><\/p>\n<p>&nbsp;<\/p>\n<p>El presidente del Senado de la Rep\u00fablica,\u00a0<strong>Higinio Mart\u00ednez Miranda<\/strong>, inform\u00f3 que la pr\u00f3xima semana se realizar\u00e1 el an\u00e1lisis tem\u00e1tico del Segundo Informe de Gobierno de la presidenta\u00a0<strong>Claudia Sheinbaum<\/strong>.<\/p>\n<p>Le seguir\u00e1 la asistencia de secretarios de Estado que responder\u00e1n ante el Pleno y en las Comisiones del Senado para cumplir con la instrucci\u00f3n constitucional de la Glosa y la rendici\u00f3n de cuentas.<\/p>\n<p>\u201cLo primero es el an\u00e1lisis tem\u00e1tico que se realizar\u00e1 la pr\u00f3xima semana, y de ah\u00ed en fuera veremos qui\u00e9n viene al Pleno, qui\u00e9n viene a Comisiones o qui\u00e9n, de los principales funcionarios comparecer\u00e1n en la Junta de Coordinaci\u00f3n Pol\u00edtica; pero eso ya lo estamos trabajando la Mesa Directiva y la Junta de Coordinaci\u00f3n Pol\u00edtica\u201d, aclar\u00f3.<\/p>\n<p>De acuerdo de la Junta de Coordinaci\u00f3n Pol\u00edtica, encabezada por el poblano\u00a0<strong>Ignacio Mier,<\/strong>\u00a0el 8 de septiembre el Pleno analizar\u00e1 las materias de Pol\u00edtica Interior y de Pol\u00edtica Econ\u00f3mica del Segundo Informe de Gobierno; el 9 de septiembre se analizar\u00e1n, tambi\u00e9n en el Pleno, las materias de Pol\u00edtica Social y Pol\u00edtica Exterior.<\/p>\n<p>El senador\u00a0<strong>Mart\u00ednez Miranda<\/strong>\u00a0reconoci\u00f3 que la Sesi\u00f3n de Congreso General, celebrada en el Palacio Legislativo de San L\u00e1zaro, fue una demostraci\u00f3n de la capacidad de los legisladores para actuar con civilidad y escuchar los planteamientos de todos los partidos.<\/p>\n<p>\u201cYo estaba observando desde la tribuna y vi c\u00f3mo nunca una atenci\u00f3n de pr\u00e1cticamente todas y todos los legisladores a las intervenciones\u201d, coment\u00f3 el mexiquense.<\/p>\n<p>\u201cEs un ejemplo de lo que deber\u00eda practicarse en el Congreso de la Uni\u00f3n\u201d\u2026 habr\u00e1 una ganancia \u201csi hacemos eso y le dedicamos m\u00e1s tiempo al quehacer legislativo, a la fabricaci\u00f3n de leyes o modificaci\u00f3n de leyes y marco constitucional\u201d, concluy\u00f3.<\/p>\n<p>&nbsp;<\/p>\n<p>&nbsp;<\/p>\n<p>Twitter: @_Vizcaino \/ Facebook<\/p>\n<p>\/\u00a0<a href=\"https:\/\/www.facebook.com\/rvizcainoa\">https:\/\/www.facebook.com\/rvizcainoa<\/a>\u00a0\/<\/p>\n<p>e-mail:\u00a0<a href=\"mailto:rvizcainoa@gmail.com\">rvizcainoa@gmail.com<\/a><\/p>\n<p>&nbsp;<\/p>\n","protected":false},"excerpt":{"rendered":"<p>\u00a0 TRAS LA PUERTA DEL PODER Roberto Vizca\u00edno \u00a0 &nbsp; &nbsp; \u00a0 Mientras los hechos y sus consecuencias, la estrategia de no tocar ni programas ni obras in\u00fatiles y que desde antes de iniciarlas eran ya un fracaso, de no abrir expedientes contra personajes cercanos a \u00e9l, a sus hijos metidos hasta el cuello en [&hellip;]<\/p>\n","protected":false},"author":14,"featured_media":0,"comment_status":"open","ping_status":"open","sticky":false,"template":"","format":"standard","meta":{"_monsterinsights_skip_tracking":false,"footnotes":""},"categories":[4,136],"tags":[],"class_list":["post-738488","post","type-post","status-publish","format-standard","hentry","category-opinion","category-roberto-vizcaino-opinion"],"_links":{"self":[{"href":"https:\/\/www.diarioimagen.net\/index.php?rest_route=\/wp\/v2\/posts\/738488","targetHints":{"allow":["GET"]}}],"collection":[{"href":"https:\/\/www.diarioimagen.net\/index.php?rest_route=\/wp\/v2\/posts"}],"about":[{"href":"https:\/\/www.diarioimagen.net\/index.php?rest_route=\/wp\/v2\/types\/post"}],"author":[{"embeddable":true,"href":"https:\/\/www.diarioimagen.net\/index.php?rest_route=\/wp\/v2\/users\/14"}],"replies":[{"embeddable":true,"href":"https:\/\/www.diarioimagen.net\/index.php?rest_route=%2Fwp%2Fv2%2Fcomments&post=738488"}],"version-history":[{"count":1,"href":"https:\/\/www.diarioimagen.net\/index.php?rest_route=\/wp\/v2\/posts\/738488\/revisions"}],"predecessor-version":[{"id":738489,"href":"https:\/\/www.diarioimagen.net\/index.php?rest_route=\/wp\/v2\/posts\/738488\/revisions\/738489"}],"wp:attachment":[{"href":"https:\/\/www.diarioimagen.net\/index.php?rest_route=%2Fwp%2Fv2%2Fmedia&parent=738488"}],"wp:term":[{"taxonomy":"category","embeddable":true,"href":"https:\/\/www.diarioimagen.net\/index.php?rest_route=%2Fwp%2Fv2%2Fcategories&post=738488"},{"taxonomy":"post_tag","embeddable":true,"href":"https:\/\/www.diarioimagen.net\/index.php?rest_route=%2Fwp%2Fv2%2Ftags&post=738488"}],"curies":[{"name":"wp","href":"https:\/\/api.w.org\/{rel}","templated":true}]}}