{"id":738525,"date":"2026-09-04T12:51:07","date_gmt":"2026-09-04T18:51:07","guid":{"rendered":"https:\/\/www.diarioimagen.net\/?p=738525"},"modified":"2026-09-04T12:51:07","modified_gmt":"2026-09-04T18:51:07","slug":"roxana-puente-rinde-tributo-a-selena-con-un-espectaculo-en-vivo","status":"publish","type":"post","link":"https:\/\/www.diarioimagen.net\/?p=738525","title":{"rendered":"Roxana Puente rinde tributo a Selena con un espect\u00e1culo en vivo"},"content":{"rendered":"<ul>\n<li><strong>Con banda en vivo, bailarines, invitados especiales <\/strong><\/li>\n<li><strong>M\u00fasica, baile y nostalgia se reunir\u00e1n el pr\u00f3ximo 5 de septiembre en el Centro de Espect\u00e1culos Vandari<\/strong><\/li>\n<\/ul>\n<p><strong><img loading=\"lazy\" decoding=\"async\" class=\"alignnone wp-image-738526 size-large\" src=\"https:\/\/www.diarioimagen.net\/wp-content\/uploads\/2026\/09\/23da16ad-9061-4950-8989-d0e1e4431189-304x270.jpg\" alt=\"\" width=\"304\" height=\"270\" srcset=\"https:\/\/www.diarioimagen.net\/wp-content\/uploads\/2026\/09\/23da16ad-9061-4950-8989-d0e1e4431189-304x270.jpg 304w, https:\/\/www.diarioimagen.net\/wp-content\/uploads\/2026\/09\/23da16ad-9061-4950-8989-d0e1e4431189-240x213.jpg 240w, https:\/\/www.diarioimagen.net\/wp-content\/uploads\/2026\/09\/23da16ad-9061-4950-8989-d0e1e4431189-768x682.jpg 768w, https:\/\/www.diarioimagen.net\/wp-content\/uploads\/2026\/09\/23da16ad-9061-4950-8989-d0e1e4431189.jpg 1486w\" sizes=\"auto, (max-width: 304px) 100vw, 304px\" \/>\u00a0<\/strong><\/p>\n<p><strong>Por Arturo Arellano<\/strong><\/p>\n<p>&nbsp;<\/p>\n<p>Roxana Puente rendir\u00e1 tributo a Selena con un espect\u00e1culo en vivo que reunir\u00e1 m\u00fasica, baile y performance para celebrar el legado de una de las artistas m\u00e1s queridas de la m\u00fasica latina. La presentaci\u00f3n se llevar\u00e1 a cabo el pr\u00f3ximo 5 de septiembre en el Centro de Espect\u00e1culos Vandari.<\/p>\n<p>&nbsp;<\/p>\n<p>La producci\u00f3n contar\u00e1 con la participaci\u00f3n de m\u00e1s de 20 profesionales, entre m\u00fasicos, bailarines y personal t\u00e9cnico. El show est\u00e1 dirigido al p\u00fablico del Estado de M\u00e9xico, la Ciudad de M\u00e9xico y otras partes del pa\u00eds, con una propuesta pensada para reunir a distintas generaciones alrededor de las canciones de Selena.<\/p>\n<p>&nbsp;<\/p>\n<p>Para Roxana Puente, este proyecto representa una etapa diferente dentro de su trayectoria art\u00edstica, pero tambi\u00e9n una oportunidad para acercarse a una de sus principales influencias \u201cEste tributo a Selena es algo completamente distinto a lo que hab\u00eda hecho antes. Es significativo porque ella es mi gran ejemplo\u201d, explic\u00f3 la cantante.<\/p>\n<p>&nbsp;<\/p>\n<p>Puente se\u00f1al\u00f3 que el homenaje no busca sustituir su identidad art\u00edstica, sino complementar el camino que ha construido como int\u00e9rprete. \u201cLa esencia de Roxana nunca se va; es algo que complementa mi carrera\u201d, afirm\u00f3.<\/p>\n<p>&nbsp;<\/p>\n<p>De acuerdo con la cantante, la m\u00fasica de Selena mantiene una vigencia especial porque contin\u00faa presente en celebraciones y momentos importantes. \u201cSus canciones siempre son \u00e9xitos, siempre ambientan y siempre hacen sentir contenta a la gente\u201d, coment\u00f3.<\/p>\n<p>&nbsp;<\/p>\n<p>El repertorio incluir\u00e1 algunos de los temas m\u00e1s reconocidos de Selena, como \u201cComo la Flor\u201d, \u201cTechno Cumbia\u201d, \u201cAmor Prohibido\u201d, \u201cLa Carcacha\u201d, \u201cBidi Bidi Bom Bom\u201d y \u201cNo me queda m\u00e1s\u201d. Esta \u00faltima canci\u00f3n tendr\u00e1 un acompa\u00f1amiento especial con mariachi.<\/p>\n<p>&nbsp;<\/p>\n<p>La int\u00e9rprete tambi\u00e9n adelant\u00f3 que se incluir\u00e1n algunas canciones en ritmo de R&amp;B que no formaron parte del \u00faltimo disco de Selena, pero que son identificadas por sus seguidores m\u00e1s fieles. Adem\u00e1s, el espect\u00e1culo contar\u00e1 con invitados especiales.<\/p>\n<p>&nbsp;<\/p>\n<p>\u201cTodas las canciones de Selena son \u00e9xitos y en este show van todas. Hay canciones en R&amp;B que no logr\u00f3 sacar en el \u00faltimo disco, pero los s\u00faper fans ubican los temas; por eso las vamos a incluir\u201d, detall\u00f3 Puente.<\/p>\n<p>&nbsp;<\/p>\n<p>Uno de los momentos centrales ser\u00e1 \u201cComo la Flor\u201d, canci\u00f3n que la artista relaciona con su infancia y adolescencia. Para esta presentaci\u00f3n, el tema contar\u00e1 con un arreglo distinto.<\/p>\n<p>&nbsp;<\/p>\n<p>\u201cSiempre he disfrutado mucho \u2018Como la Flor\u2019. Es un cl\u00e1sico, me representa much\u00edsimo por mi infancia y adolescencia, cuando la cantaba y la sent\u00eda. En este show le hicimos un arreglo\u201d, expres\u00f3.<\/p>\n<p>&nbsp;<\/p>\n<p><strong>Una producci\u00f3n con sello propio<\/strong><\/p>\n<p><strong>\u00a0<\/strong><\/p>\n<p>Los nuevos arreglos musicales forman parte de la aportaci\u00f3n personal de Roxana Puente al homenaje. La cantante explic\u00f3 que trabaja junto con un equipo de producci\u00f3n encabezado por su esposo, Pepe S\u00e1nchez, quien tambi\u00e9n participa como productor del espect\u00e1culo.<\/p>\n<p>&nbsp;<\/p>\n<p>\u201cLos arreglos son mi aporte. Tengo un gran equipo atr\u00e1s en producci\u00f3n; mi esposo, Pepe S\u00e1nchez, es quien coordina. \u00c9l es un gran talento y le pone una esencia diferente a los cl\u00e1sicos que conocemos de Selena\u201d, se\u00f1al\u00f3.<\/p>\n<p>&nbsp;<\/p>\n<p>La presentaci\u00f3n contar\u00e1 con m\u00fasicos en vivo, una caracter\u00edstica que, seg\u00fan Puente, permitir\u00e1 ofrecer una experiencia diferente a la de las grabaciones originales. Los instrumentistas que participan en el proyecto han trabajado con artistas como Carlos Rivera, Gloria Trevi y Alejandra Guzm\u00e1n \u201cCon m\u00fasicos en vivo es otra esencia\u201d, afirm\u00f3 la cantante.<\/p>\n<p>&nbsp;<\/p>\n<p>Roxana Puente considera que una de las principales fortalezas de Selena es su capacidad para conectar con personas de distintas edades. Su m\u00fasica contin\u00faa presente en fiestas, bodas y cumplea\u00f1os, mientras que nuevas generaciones descubren sus canciones y su historia \u201cLa magia que tiene Selena es que es multigeneracional. Los chicos m\u00e1s j\u00f3venes la est\u00e1n conociendo\u201d, explic\u00f3.<\/p>\n<p>&nbsp;<\/p>\n<p>La cantante tambi\u00e9n relacion\u00f3 este fen\u00f3meno con la forma en que los gustos musicales se transmiten dentro de las familias. Puente record\u00f3 que sus propias influencias incluyen a artistas como Thal\u00eda, Kabah y OV7, mientras que su hija disfruta canciones de Selena, particularmente \u201cComo la Flor\u201d. \u201cSon gustos que se van heredando\u201d, coment\u00f3.<\/p>\n<p>&nbsp;<\/p>\n<p>Para la int\u00e9rprete, el legado de Selena tambi\u00e9n ha trascendido a otros artistas y generaciones. \u201cSelena jam\u00e1s deja de ser parte de una fiesta, de una boda o de un cumplea\u00f1os. Incluso hemos escuchado a Karol G y a Selena Gomez interpretando canciones de Selena\u201d, agreg\u00f3.<\/p>\n<p>&nbsp;<\/p>\n<p><strong>Una historia de identificaci\u00f3n<\/strong><\/p>\n<p><strong>\u00a0<\/strong><\/p>\n<p>Roxana Puente naci\u00f3 en M\u00e9rida, Yucat\u00e1n, y encuentra puntos de identificaci\u00f3n con la historia personal de Selena. Adem\u00e1s de admirar su talento para cantar y bailar, destaca que la artista nunca dej\u00f3 de lado su vida familiar ni sus sue\u00f1os personales \u201cYo vengo de provincia, de M\u00e9rida, y hay muchas cosas de Selena que me representan\u201d, dijo.<\/p>\n<p>&nbsp;<\/p>\n<p>Puente explic\u00f3 que admira la manera en que Selena combin\u00f3 su carrera con su deseo de formar una familia. \u201cElla cantaba, bailaba y jam\u00e1s perdi\u00f3 su parte familiar. Su sue\u00f1o era ser madre, tener su esposo, su familia y su casita\u201d, se\u00f1al\u00f3.<\/p>\n<p>&nbsp;<\/p>\n<p>Esa combinaci\u00f3n tambi\u00e9n forma parte de la vida de la propia Roxana, quien busca mantener un equilibrio entre la actuaci\u00f3n, la m\u00fasica y su familia. \u201cA m\u00ed tambi\u00e9n me gusta. Llevo de la mano la actuaci\u00f3n y la m\u00fasica, pero tampoco dejo esa parte familiar, que es mi hija y mi esposo\u201d, expres\u00f3.<\/p>\n<p>&nbsp;<\/p>\n<p>Con una propuesta cargada de energ\u00eda y nostalgia, Roxana Puente invit\u00f3 al p\u00fablico a formar parte de esta celebraci\u00f3n dedicada a la Reina del Tex-Mex \u201cLos invito a que vayan al show en Vandari Music Hall. Gente del Estado de M\u00e9xico, de la Ciudad de M\u00e9xico y de todo el pa\u00eds: este es un homenaje a la Reina del Tex-Mex\u201d, afirm\u00f3.<\/p>\n<p>&nbsp;<\/p>\n<p>La cantante asegur\u00f3 que el espect\u00e1culo contar\u00e1 con una producci\u00f3n profesional y con los elementos necesarios para que el p\u00fablico disfrute de una noche de m\u00fasica y recuerdos \u201cSu m\u00fasica es hermosa, es inevitable pasarla bien. Tenemos un respaldo importante en producci\u00f3n y todo es muy profesional\u201d, concluy\u00f3.<\/p>\n<p>&nbsp;<\/p>\n<p>&nbsp;<\/p>\n","protected":false},"excerpt":{"rendered":"<p>Con banda en vivo, bailarines, invitados especiales M\u00fasica, baile y nostalgia se reunir\u00e1n el pr\u00f3ximo 5 de septiembre en el Centro de Espect\u00e1culos Vandari \u00a0 Por Arturo Arellano &nbsp; Roxana Puente rendir\u00e1 tributo a Selena con un espect\u00e1culo en vivo que reunir\u00e1 m\u00fasica, baile y performance para celebrar el legado de una de las artistas [&hellip;]<\/p>\n","protected":false},"author":14,"featured_media":738526,"comment_status":"open","ping_status":"open","sticky":false,"template":"","format":"standard","meta":{"_monsterinsights_skip_tracking":false,"footnotes":""},"categories":[12],"tags":[],"class_list":["post-738525","post","type-post","status-publish","format-standard","has-post-thumbnail","hentry","category-espectaculos"],"_links":{"self":[{"href":"https:\/\/www.diarioimagen.net\/index.php?rest_route=\/wp\/v2\/posts\/738525","targetHints":{"allow":["GET"]}}],"collection":[{"href":"https:\/\/www.diarioimagen.net\/index.php?rest_route=\/wp\/v2\/posts"}],"about":[{"href":"https:\/\/www.diarioimagen.net\/index.php?rest_route=\/wp\/v2\/types\/post"}],"author":[{"embeddable":true,"href":"https:\/\/www.diarioimagen.net\/index.php?rest_route=\/wp\/v2\/users\/14"}],"replies":[{"embeddable":true,"href":"https:\/\/www.diarioimagen.net\/index.php?rest_route=%2Fwp%2Fv2%2Fcomments&post=738525"}],"version-history":[{"count":1,"href":"https:\/\/www.diarioimagen.net\/index.php?rest_route=\/wp\/v2\/posts\/738525\/revisions"}],"predecessor-version":[{"id":738527,"href":"https:\/\/www.diarioimagen.net\/index.php?rest_route=\/wp\/v2\/posts\/738525\/revisions\/738527"}],"wp:featuredmedia":[{"embeddable":true,"href":"https:\/\/www.diarioimagen.net\/index.php?rest_route=\/wp\/v2\/media\/738526"}],"wp:attachment":[{"href":"https:\/\/www.diarioimagen.net\/index.php?rest_route=%2Fwp%2Fv2%2Fmedia&parent=738525"}],"wp:term":[{"taxonomy":"category","embeddable":true,"href":"https:\/\/www.diarioimagen.net\/index.php?rest_route=%2Fwp%2Fv2%2Fcategories&post=738525"},{"taxonomy":"post_tag","embeddable":true,"href":"https:\/\/www.diarioimagen.net\/index.php?rest_route=%2Fwp%2Fv2%2Ftags&post=738525"}],"curies":[{"name":"wp","href":"https:\/\/api.w.org\/{rel}","templated":true}]}}