{"id":738547,"date":"2026-09-04T16:34:00","date_gmt":"2026-09-04T22:34:00","guid":{"rendered":"https:\/\/www.diarioimagen.net\/?p=738547"},"modified":"2026-09-04T16:34:00","modified_gmt":"2026-09-04T22:34:00","slug":"el-apagon-peninsular-dejo-perdidas-en-miles-de-comercios","status":"publish","type":"post","link":"https:\/\/www.diarioimagen.net\/?p=738547","title":{"rendered":"El \u201capag\u00f3n\u201d peninsular dej\u00f3\u00a0 p\u00e9rdidas en miles de comercios"},"content":{"rendered":"<p>&nbsp;<\/p>\n<p>&nbsp;<\/p>\n<ul>\n<li><strong>Reporte de Canaco Chetumal\u2013Tulum<\/strong><\/li>\n<li><strong>Registran da\u00f1os en congeladores, sistemas de cobro y equipos de c\u00f3mputo<\/strong><\/li>\n<\/ul>\n<p><strong>\u00a0<\/strong><\/p>\n<div id=\"attachment_738548\" style=\"width: 280px\" class=\"wp-caption alignnone\"><img loading=\"lazy\" decoding=\"async\" aria-describedby=\"caption-attachment-738548\" class=\"wp-image-738548 size-large\" src=\"https:\/\/www.diarioimagen.net\/wp-content\/uploads\/2026\/09\/CFE01-ok-270x270.jpg\" alt=\"\" width=\"270\" height=\"270\" srcset=\"https:\/\/www.diarioimagen.net\/wp-content\/uploads\/2026\/09\/CFE01-ok-270x270.jpg 270w, https:\/\/www.diarioimagen.net\/wp-content\/uploads\/2026\/09\/CFE01-ok-240x240.jpg 240w, https:\/\/www.diarioimagen.net\/wp-content\/uploads\/2026\/09\/CFE01-ok-150x150.jpg 150w, https:\/\/www.diarioimagen.net\/wp-content\/uploads\/2026\/09\/CFE01-ok-768x768.jpg 768w, https:\/\/www.diarioimagen.net\/wp-content\/uploads\/2026\/09\/CFE01-ok-50x50.jpg 50w, https:\/\/www.diarioimagen.net\/wp-content\/uploads\/2026\/09\/CFE01-ok-75x75.jpg 75w, https:\/\/www.diarioimagen.net\/wp-content\/uploads\/2026\/09\/CFE01-ok-70x70.jpg 70w, https:\/\/www.diarioimagen.net\/wp-content\/uploads\/2026\/09\/CFE01-ok.jpg 1500w\" sizes=\"auto, (max-width: 270px) 100vw, 270px\" \/><p id=\"caption-attachment-738548\" class=\"wp-caption-text\">Apag\u00f3n en gran parte de la pen\u00ednsula durante al menos nueve horas tuvo un impacto directo en la actividad empresarial de Chetumal.<\/p><\/div>\n<p>Por redacci\u00f3n DIARIOIMAGEN<\/p>\n<p>&nbsp;<\/p>\n<p>Chetumal.- El apag\u00f3n que dej\u00f3 sin electricidad a gran parte de la pen\u00ednsula durante al menos nueve horas tuvo un impacto directo en la actividad empresarial de Chetumal. La CanacoChetumal-Tulum report\u00f3 p\u00e9rdidas econ\u00f3micas y da\u00f1os en equipos, aunque solo un 30% de sus 124 afiliados respondi\u00f3 a la encuesta aplicada tras la contingencia.<\/p>\n<p>&nbsp;<\/p>\n<p>De los comercios consultados, 69% reconoci\u00f3 afectaciones: el 38.5% suspendi\u00f3 actividades, el 30.8% sufri\u00f3 p\u00e9rdidas o da\u00f1os en equipos y mercanc\u00edas, y el 23.1% se vio obligado a cerrar sus puertas. El resto asegur\u00f3 no haber tenido consecuencias.<\/p>\n<p>&nbsp;<\/p>\n<p>La presidenta de la c\u00e1mara, Adrienne D\u00edaz, subray\u00f3 que este tipo de interrupciones prolongadas generan p\u00e9rdidas importantes, sobre todo por da\u00f1os en refrigeradores, congeladores, sistemas de cobro y equipos de c\u00f3mputo. \u201cEstas circunstancias obligan a que la CFE cuente con infraestructura confiable y mecanismos de atenci\u00f3n oportunos\u201d, se\u00f1al\u00f3.<\/p>\n<p>&nbsp;<\/p>\n<p>D\u00edaz insisti\u00f3 en que, m\u00e1s all\u00e1 de las investigaciones sobre la infraestructura el\u00e9ctrica, el sector empresarial necesita condiciones que garanticen la continuidad de sus operaciones y contar con informaci\u00f3n oportuna ante contingencias de este tipo.<\/p>\n<p>&nbsp;<\/p>\n<p><strong>Obras urbanas en octubre\u00a0en Chetumal y Mahahual<\/strong><\/p>\n<p><strong>\u00a0<\/strong><\/p>\n<p>La Secretar\u00eda de Obras P\u00fablicas de Quintana Roo (Seop) fij\u00f3 el 5 de octubre como fecha de inicio para dos proyectos clave: la rehabilitaci\u00f3n del Barrio M\u00e1gico de Chetumal y la remodelaci\u00f3n de la Plaza del Faro en Mahahual, ambos financiados con recursos del Derecho a los Pasajeros de Cruceros y el Fideicomiso Tur\u00edstico (Fibetuc) 2026.<\/p>\n<p>&nbsp;<\/p>\n<p>En la capital, el expediente SEOP-LPN-FIBETUC-031\/2026 contempla una inversi\u00f3n de 116 millones de pesos y un plazo de ejecuci\u00f3n de 180 d\u00edas para mejorar la infraestructura e imagen urbana del pol\u00edgono del Barrio M\u00e1gico.<\/p>\n<p>&nbsp;<\/p>\n<p>En Mahahual, bajo la licitaci\u00f3n SEOP-LPN-FIBETUC-030\/2026, se destinar\u00e1n m\u00e1s de 11 millones de pesos a la rehabilitaci\u00f3n integral de la Plaza del Faro, con un periodo de desarrollo de 120 d\u00edas. De manera complementaria, la Seop prev\u00e9 licitar en breve la rehabilitaci\u00f3n del Malec\u00f3n y el remozamiento de avenidas estrat\u00e9gicas en la Grand Costa Maya.<\/p>\n<p>&nbsp;<\/p>\n<p>El paquete de obras incluye tambi\u00e9n la construcci\u00f3n de un parque urbano y de mascotas en Puerto Morelos, identificado con la clave SEOP-LPN-FAFEF-029\/2026, respaldado por el Fondo de Aportaciones para el Fortalecimiento de las Entidades Federativas (Fafef) 2026. Su ejecuci\u00f3n est\u00e1 prevista en 75 d\u00edas, aunque el monto de inversi\u00f3n a\u00fan no ha sido revelado.<\/p>\n<p>&nbsp;<\/p>\n<p>Las empresas interesadas deber\u00e1n acudir a las visitas de obra y juntas de aclaraciones los d\u00edas 9 y 11 de septiembre, mientras que la entrega y apertura de propuestas econ\u00f3micas se realizar\u00e1 el 17 del mismo mes. La dependencia otorgar\u00e1 un 30% de anticipo a las compa\u00f1\u00edas adjudicadas para garantizar el arranque inmediato de los trabajos.<\/p>\n<p>&nbsp;<\/p>\n","protected":false},"excerpt":{"rendered":"<p>&nbsp; &nbsp; Reporte de Canaco Chetumal\u2013Tulum Registran da\u00f1os en congeladores, sistemas de cobro y equipos de c\u00f3mputo \u00a0 Por redacci\u00f3n DIARIOIMAGEN &nbsp; Chetumal.- El apag\u00f3n que dej\u00f3 sin electricidad a gran parte de la pen\u00ednsula durante al menos nueve horas tuvo un impacto directo en la actividad empresarial de Chetumal. La CanacoChetumal-Tulum report\u00f3 p\u00e9rdidas econ\u00f3micas [&hellip;]<\/p>\n","protected":false},"author":14,"featured_media":738548,"comment_status":"open","ping_status":"open","sticky":false,"template":"","format":"standard","meta":{"_monsterinsights_skip_tracking":false,"footnotes":""},"categories":[101305],"tags":[],"class_list":["post-738547","post","type-post","status-publish","format-standard","has-post-thumbnail","hentry","category-quintana-roo"],"_links":{"self":[{"href":"https:\/\/www.diarioimagen.net\/index.php?rest_route=\/wp\/v2\/posts\/738547","targetHints":{"allow":["GET"]}}],"collection":[{"href":"https:\/\/www.diarioimagen.net\/index.php?rest_route=\/wp\/v2\/posts"}],"about":[{"href":"https:\/\/www.diarioimagen.net\/index.php?rest_route=\/wp\/v2\/types\/post"}],"author":[{"embeddable":true,"href":"https:\/\/www.diarioimagen.net\/index.php?rest_route=\/wp\/v2\/users\/14"}],"replies":[{"embeddable":true,"href":"https:\/\/www.diarioimagen.net\/index.php?rest_route=%2Fwp%2Fv2%2Fcomments&post=738547"}],"version-history":[{"count":1,"href":"https:\/\/www.diarioimagen.net\/index.php?rest_route=\/wp\/v2\/posts\/738547\/revisions"}],"predecessor-version":[{"id":738549,"href":"https:\/\/www.diarioimagen.net\/index.php?rest_route=\/wp\/v2\/posts\/738547\/revisions\/738549"}],"wp:featuredmedia":[{"embeddable":true,"href":"https:\/\/www.diarioimagen.net\/index.php?rest_route=\/wp\/v2\/media\/738548"}],"wp:attachment":[{"href":"https:\/\/www.diarioimagen.net\/index.php?rest_route=%2Fwp%2Fv2%2Fmedia&parent=738547"}],"wp:term":[{"taxonomy":"category","embeddable":true,"href":"https:\/\/www.diarioimagen.net\/index.php?rest_route=%2Fwp%2Fv2%2Fcategories&post=738547"},{"taxonomy":"post_tag","embeddable":true,"href":"https:\/\/www.diarioimagen.net\/index.php?rest_route=%2Fwp%2Fv2%2Ftags&post=738547"}],"curies":[{"name":"wp","href":"https:\/\/api.w.org\/{rel}","templated":true}]}}