{"id":95648,"date":"2012-07-02T00:03:23","date_gmt":"2012-07-02T05:03:23","guid":{"rendered":"http:\/\/www.diarioimagen.net\/?p=95648"},"modified":"2012-07-02T04:51:56","modified_gmt":"2012-07-02T09:51:56","slug":"peter-sagan-gana-primera-etapa-del-tour-de-francia","status":"publish","type":"post","link":"https:\/\/www.diarioimagen.net\/?p=95648","title":{"rendered":"Peter Sagan gana primera etapa del Tour de Francia"},"content":{"rendered":"<ul>\n<li><strong><em>Se corri\u00f3 entre Lieja y Seraing<\/em><\/strong><\/li>\n<\/ul>\n<div id=\"attachment_95668\" style=\"width: 250px\" class=\"wp-caption alignleft\"><a class=\"highslide\" onclick=\"return vz.expand(this)\" href=\"http:\/\/www.diarioimagen.net\/wp-content\/uploads\/2012\/07\/sagan-1883.jpg\"><img loading=\"lazy\" decoding=\"async\" aria-describedby=\"caption-attachment-95668\" class=\"size-medium wp-image-95668\" title=\"sagan-1883\" src=\"http:\/\/www.diarioimagen.net\/wp-content\/uploads\/2012\/07\/sagan-1883-240x159.jpg\" alt=\"\" width=\"240\" height=\"159\" \/><\/a><p id=\"caption-attachment-95668\" class=\"wp-caption-text\">Arranc\u00f3 el Tour de Francia y la primera etapa la gan\u00f3 un eslovaco; es una de las justas m\u00e1s importantes del ciclismo.<\/p><\/div>\n<p><strong>Seraing, B\u00e9lgica<\/strong>.- El eslovaco Peter Sagan gan\u00f3 ayer la primera etapa del Tour de Francia delante del suizo Fabian Cancellara, quien retuvo la camiseta amarilla del l\u00edder.<\/p>\n<p>El brit\u00e1nico Bradley Wiggins y el campe\u00f3n defensor Cadel Evans, ambos candidatos al t\u00edtulo, se mantuvieron cerca del l\u00edder en el pelot\u00f3n tras el recorrido de 198 kil\u00f3metros (123 millas) desde Lieja hasta Seraing, el cual cuenta con cinco ascensos de poca pendiente.<\/p>\n<p>Sagan, quien a sus 21 a\u00f1os es uno de los ciclistas m\u00e1s prometedores, coloc\u00f3 las manos sobre sus hombros en su primer triunfo en una etapa del Tour, la cual se defini\u00f3 en un aceler\u00f3n final con Cancellara y el noruego Edvald Boasson Hagen, quienes quedaron en segundo y tercer lugar, respectivamente.<\/p>\n<p>Cancellara, que gan\u00f3 el pr\u00f3logo del primer d\u00eda, va delante de Wiggins en la tabla de posiciones por una diferencia de siete segundos, mientras que el franc\u00e9s Sylvain Chavanel se encuentra en tercer sitio con el mismo tiempo. Evans est\u00e1 a 17 segundos del l\u00edder suizo.<\/p>\n","protected":false},"excerpt":{"rendered":"<p>El eslovaco Peter Sagan gan\u00f3 ayer la primera etapa del Tour de Francia delante del suizo Fabian Cancellara, quien retuvo la camiseta amarilla del l\u00edder.<\/p>\n","protected":false},"author":1,"featured_media":0,"comment_status":"open","ping_status":"open","sticky":false,"template":"","format":"standard","meta":{"_monsterinsights_skip_tracking":false,"_monsterinsights_sitenote_active":false,"_monsterinsights_sitenote_note":"","_monsterinsights_sitenote_category":0,"footnotes":""},"categories":[10],"tags":[5578,43680,2310],"class_list":["post-95648","post","type-post","status-publish","format-standard","hentry","category-deportes","tag-belgica","tag-deportes","tag-tour-de-francia"],"_links":{"self":[{"href":"https:\/\/www.diarioimagen.net\/index.php?rest_route=\/wp\/v2\/posts\/95648","targetHints":{"allow":["GET"]}}],"collection":[{"href":"https:\/\/www.diarioimagen.net\/index.php?rest_route=\/wp\/v2\/posts"}],"about":[{"href":"https:\/\/www.diarioimagen.net\/index.php?rest_route=\/wp\/v2\/types\/post"}],"author":[{"embeddable":true,"href":"https:\/\/www.diarioimagen.net\/index.php?rest_route=\/wp\/v2\/users\/1"}],"replies":[{"embeddable":true,"href":"https:\/\/www.diarioimagen.net\/index.php?rest_route=%2Fwp%2Fv2%2Fcomments&post=95648"}],"version-history":[{"count":0,"href":"https:\/\/www.diarioimagen.net\/index.php?rest_route=\/wp\/v2\/posts\/95648\/revisions"}],"wp:attachment":[{"href":"https:\/\/www.diarioimagen.net\/index.php?rest_route=%2Fwp%2Fv2%2Fmedia&parent=95648"}],"wp:term":[{"taxonomy":"category","embeddable":true,"href":"https:\/\/www.diarioimagen.net\/index.php?rest_route=%2Fwp%2Fv2%2Fcategories&post=95648"},{"taxonomy":"post_tag","embeddable":true,"href":"https:\/\/www.diarioimagen.net\/index.php?rest_route=%2Fwp%2Fv2%2Ftags&post=95648"}],"curies":[{"name":"wp","href":"https:\/\/api.w.org\/{rel}","templated":true}]}}