{"id":95716,"date":"2012-07-03T00:09:52","date_gmt":"2012-07-03T05:09:52","guid":{"rendered":"http:\/\/www.diarioimagen.net\/?p=95716"},"modified":"2012-07-03T03:13:18","modified_gmt":"2012-07-03T08:13:18","slug":"es-tiempo-de-dar-vuelta-a-la-pagina-eruviel-avila","status":"publish","type":"post","link":"https:\/\/www.diarioimagen.net\/?p=95716","title":{"rendered":"Es tiempo de dar vuelta a la p\u00e1gina: Eruviel \u00c1vila"},"content":{"rendered":"<ul>\n<li><strong><em>El gobernador mexiquense afirma que con el virtual triunfo de Pe\u00f1a Nieto gan\u00f3 M\u00e9xico y la democracia<\/em><\/strong><\/li>\n<\/ul>\n<div id=\"attachment_95803\" style=\"width: 250px\" class=\"wp-caption alignleft\"><a class=\"highslide\" onclick=\"return vz.expand(this)\" href=\"http:\/\/www.diarioimagen.net\/wp-content\/uploads\/2012\/07\/eruviel-1884.jpg\"><img loading=\"lazy\" decoding=\"async\" aria-describedby=\"caption-attachment-95803\" class=\"size-medium wp-image-95803\" title=\"eruviel-1884\" src=\"http:\/\/www.diarioimagen.net\/wp-content\/uploads\/2012\/07\/eruviel-1884-240x140.jpg\" alt=\"\" width=\"240\" height=\"140\" \/><\/a><p id=\"caption-attachment-95803\" class=\"wp-caption-text\">El gobernador Eruviel \u00c1vila Villegas inici\u00f3 la entrega de \u00fatiles escolares gratuitos a m\u00e1s de 3 millones de estudiantes mexiquenses de nivel b\u00e1sico. En el acto felicit\u00f3 a los ganadores del proceso electoral y expres\u00f3 su disposici\u00f3n para una correcta transici\u00f3n gubernamental y un trabajo conjunto.<\/p><\/div>\n<p><strong>Chapultepec, Estado de M\u00e9xico<\/strong>.- El gobernador Eruviel \u00c1vila Villegas asegur\u00f3 que, despu\u00e9s de la jornada electoral, es tiempo de darle vuelta a la p\u00e1gina y redoblar esfuerzos, para lograr mejor seguridad y, en general, mejores condiciones de vida, adem\u00e1s de considerar que con el virtual triunfo de Enrique Pe\u00f1a Nieto ganaron M\u00e9xico y la democracia.<\/p>\n<p>\u201cHabr\u00e9 de trabajar con el pr\u00f3ximo Presidente de la Rep\u00fablica, los pr\u00f3ximos legisladores locales, federales, presidentes municipales. Habr\u00e9 de trabajar en equipo con el pr\u00f3ximo jefe de gobierno, desde luego, Miguel \u00c1ngel Mancera, que \u00e9l tambi\u00e9n fue electo, no importando ya partidos, no importando ideolog\u00edas, sino importando la gente, la ciudadan\u00eda, que es la que nos debe realmente mover y es por la que debemos trabajar\u201d, enfatiz\u00f3.<\/p>\n<p>Hizo un reconocimiento al presidente de la Rep\u00fablica, Felipe Calder\u00f3n Hinojosa, porque se comport\u00f3 como estadista y hombre de principios, \u00e9tico y profesional.<\/p>\n<p>\u201cVe\u00edamos c\u00f3mo con toda responsabilidad estaba expresando la disposici\u00f3n al nuevo presidente electo, una vez que las autoridades, claro est\u00e1, confirmen el rubro de c\u00f3mputo correspondiente, pero ya anunci\u00f3 su disposici\u00f3n\u201d.<\/p>\n<p>En este sentido, manifest\u00f3 su disposici\u00f3n de colaborar con el pr\u00f3ximo mandatario:<\/p>\n<p>\u201cY que una vez que se atiendan, insisto, todos los tr\u00e1mites legales, habr\u00e1 de representar a todos los mexicanos. Y decirle a Enrique Pe\u00f1a Nieto que aqu\u00ed en el Estado de M\u00e9xico estaremos trabajando hombro con hombro con \u00e9l, para que nos vaya mejor a los mexiquenses, para que nos vaya mejor a los mexicanos\u201d.<\/p>\n<p>El titular del Ejecutivo estatal inform\u00f3 que en la entidad la elecci\u00f3n se llev\u00f3 a cabo en un clima de paz y tranquilidad, s\u00f3lo con incidentes menores, y que los mexiquenses expresaron libremente su voluntad.<\/p>\n<p>Por ello, felicit\u00f3 a todos los ciudadanos de la entidad que participaron en la jornada electoral como votantes, funcionarios de casilla o representantes de partido.<\/p>\n","protected":false},"excerpt":{"rendered":"<p>El gobernador Eruviel \u00c1vila Villegas asegur\u00f3 que, despu\u00e9s de la jornada electoral, es tiempo de darle vuelta a la p\u00e1gina y redoblar esfuerzos, para lograr mejor seguridad y, en general, mejores condiciones de vida, adem\u00e1s de considerar que con el virtual triunfo de Enrique Pe\u00f1a Nieto ganaron M\u00e9xico y la democracia.<\/p>\n","protected":false},"author":3,"featured_media":0,"comment_status":"open","ping_status":"open","sticky":false,"template":"","format":"standard","meta":{"_monsterinsights_skip_tracking":false,"_monsterinsights_sitenote_active":false,"_monsterinsights_sitenote_note":"","_monsterinsights_sitenote_category":0,"footnotes":""},"categories":[5],"tags":[1825,18,5828,43675,1238],"class_list":["post-95716","post","type-post","status-publish","format-standard","hentry","category-estado-de-mexico","tag-chapultepec","tag-enrique-pena-nieto","tag-eruviel-avila-villegas","tag-estado-de-mexico","tag-presidencia-de-la-republica"],"_links":{"self":[{"href":"https:\/\/www.diarioimagen.net\/index.php?rest_route=\/wp\/v2\/posts\/95716","targetHints":{"allow":["GET"]}}],"collection":[{"href":"https:\/\/www.diarioimagen.net\/index.php?rest_route=\/wp\/v2\/posts"}],"about":[{"href":"https:\/\/www.diarioimagen.net\/index.php?rest_route=\/wp\/v2\/types\/post"}],"author":[{"embeddable":true,"href":"https:\/\/www.diarioimagen.net\/index.php?rest_route=\/wp\/v2\/users\/3"}],"replies":[{"embeddable":true,"href":"https:\/\/www.diarioimagen.net\/index.php?rest_route=%2Fwp%2Fv2%2Fcomments&post=95716"}],"version-history":[{"count":0,"href":"https:\/\/www.diarioimagen.net\/index.php?rest_route=\/wp\/v2\/posts\/95716\/revisions"}],"wp:attachment":[{"href":"https:\/\/www.diarioimagen.net\/index.php?rest_route=%2Fwp%2Fv2%2Fmedia&parent=95716"}],"wp:term":[{"taxonomy":"category","embeddable":true,"href":"https:\/\/www.diarioimagen.net\/index.php?rest_route=%2Fwp%2Fv2%2Fcategories&post=95716"},{"taxonomy":"post_tag","embeddable":true,"href":"https:\/\/www.diarioimagen.net\/index.php?rest_route=%2Fwp%2Fv2%2Ftags&post=95716"}],"curies":[{"name":"wp","href":"https:\/\/api.w.org\/{rel}","templated":true}]}}