{"id":95856,"date":"2012-07-04T00:09:31","date_gmt":"2012-07-04T05:09:31","guid":{"rendered":"http:\/\/www.diarioimagen.net\/?p=95856"},"modified":"2012-07-04T02:39:22","modified_gmt":"2012-07-04T07:39:22","slug":"eav-entrega-premio-a-estudiantes-y-docentes-con-alto-nivel-academico","status":"publish","type":"post","link":"https:\/\/www.diarioimagen.net\/?p=95856","title":{"rendered":"EAV entrega premio a estudiantes y docentes con alto nivel acad\u00e9mico"},"content":{"rendered":"<ul>\n<li><strong><em>A los galardonados tambi\u00e9n se les dar\u00e1 un est\u00edmulo econ\u00f3mico por 2,500 y 4 mil pesos, respectivamente<\/em><\/strong><\/li>\n<\/ul>\n<div id=\"attachment_95966\" style=\"width: 250px\" class=\"wp-caption alignleft\"><a class=\"highslide\" onclick=\"return vz.expand(this)\" href=\"http:\/\/www.diarioimagen.net\/wp-content\/uploads\/2012\/07\/eruviel-1885.jpg\"><img loading=\"lazy\" decoding=\"async\" aria-describedby=\"caption-attachment-95966\" class=\"size-medium wp-image-95966\" title=\"eruviel-1885\" src=\"http:\/\/www.diarioimagen.net\/wp-content\/uploads\/2012\/07\/eruviel-1885-240x116.jpg\" alt=\"\" width=\"240\" height=\"116\" \/><\/a><p id=\"caption-attachment-95966\" class=\"wp-caption-text\">En la edici\u00f3n 16 de la entrega del premio Max Shein, realizada en la Universidad de Cuautitl\u00e1n Izcalli, el gobernador mexiquense recibi\u00f3 esta misma distinci\u00f3n, debido al impulso que su administraci\u00f3n ha dado a la educaci\u00f3n.<\/p><\/div>\n<p><strong>Cuautitl\u00e1n Izcalli, Estado de M\u00e9xico<\/strong>.- El gobernador Eruviel \u00c1vila Villegas entreg\u00f3 el premio Max Shein a 265 estudiantes y 27 profesores de nivel b\u00e1sico y medio superior, que se distinguieron durante el ciclo escolar 2011-2012 por su dedicaci\u00f3n y destacado nivel acad\u00e9mico, a quienes su gobierno entregar\u00e1 un estimulo econ\u00f3mico por 2 mil 500 y 4 mil pesos, respectivamente.<\/p>\n<p>\u201cSiguiendo el ejemplo de don Max, aqu\u00ed en el Estado de M\u00e9xico tambi\u00e9n incentivamos, estimulamos, apoyamos, premiamos, a aquellas jovencitas, a los ni\u00f1os, que le echan ganas a la escuela, que merecen oportunidades, ya que son el futuro de M\u00e9xico\u201d, indic\u00f3.<\/p>\n<p>En la edici\u00f3n 16 de este premio, realizada en la Universidad de Cuautitl\u00e1n Izcalli, el gobernador mexiquense recibi\u00f3 el reconocimiento Max Shein, debido al impulso que su administraci\u00f3n ha dado a la educaci\u00f3n, por lo que exhort\u00f3 a estudiantes y docentes a seguir en el camino de la excelencia, para generar mejores oportunidades de desarrollo en su vida.<\/p>\n<p>Destac\u00f3 la aportaci\u00f3n al desarrollo educativo de la asociaci\u00f3n civil Uni\u00f3n de Empresas para la Tecnolog\u00eda en la Educaci\u00f3n (UNETE), cuyo patronato preside Roberto Shapiro Shein, la cual otorg\u00f3 a los galardonados un reconocimiento y un reloj conmemorativo.<\/p>\n<p>\u201cTodo lo que ha hecho don Max, que en paz descanse, todo lo que hizo en las \u00faltimas d\u00e9cadas, en los \u00faltimos a\u00f1os, fue impulsar la educaci\u00f3n, reconocer a los alumnos de excelencia, a los maestros, de apoyar con equipo. No me cabe la menor duda de que estuvo haciendo mucho bien, y sigue haciendo mucho bien, porque dej\u00f3 bien sembrada esta semilla, que hoy, sus descendientes permiten que siga dando frutos\u201d.<\/p>\n<p>Los estudiantes y maestros beneficiados pertenecen a 39 Centros de Bachillerato Tecnol\u00f3gico (CBT), tres preparatorias oficiales y tres secundarias del Estado de M\u00e9xico, a las que apoy\u00f3 Max Shein.<\/p>\n<p>Por otro lado, reiter\u00f3 que el gobierno del estado, en colaboraci\u00f3n con la Universidad Aut\u00f3noma del Estado de M\u00e9xico (UAEM), construir\u00e1 la primera Facultad de Medicina, en Chimalhuac\u00e1n, y que en el municipio de Ecatepec ser\u00e1 edificado un campus de la Universidad Bicentenario, para continuar cubriendo las necesidades educativas en esta regi\u00f3n de la entidad.<\/p>\n<p>Acompa\u00f1ado por los secretarios estatales de Educaci\u00f3n y del Trabajo, Raymundo Mart\u00ednez Carbajal y Cruz Juvenal Roa, respectivamente, y por el alcalde de este municipio, Carlos Sald\u00edvar, el titular del Ejecutivo mexiquense invit\u00f3 a partidos pol\u00edticos, gobiernos, asociaciones civiles, iniciativa privada y ciudadanos, a respaldar el triunfo del virtual triunfador de la elecci\u00f3n presidencial, Enrique Pe\u00f1a Nieto, pues es un hombre que sabr\u00e1 realizar consensos que fomenten el desarrollo de M\u00e9xico.<\/p>\n<p>En su intervenci\u00f3n, Roberto Shapiro se\u00f1al\u00f3 que la gran naci\u00f3n que a\u00f1oran los mexicanos requiere de est\u00edmulos a la educaci\u00f3n, por que lo que destac\u00f3 el trabajo del titular del Ejecutivo mexiquense, al apoyar al sector educativo por ser la llave para que los j\u00f3venes alcancen un mejor modo de vida.<\/p>\n<p>Max Shein naci\u00f3 en Nueva York, el 15 de enero de 1907, en el seno de una familia jud\u00eda de origen polaco que hab\u00eda emigrado a principios de siglo, agobiada por la pobreza. A los 17 a\u00f1os viaj\u00f3 a M\u00e9xico donde comenz\u00f3 su carrera empresarial, y desde 1940 inici\u00f3 su labor altruista en instituciones educativas del nivel medio superior del subsistema educativo estatal, mediante la donaci\u00f3n de centros de c\u00f3mputo, otorgamiento de becas a los mejores alumnos y docentes de las 45 escuelas mexiquenses de nivel b\u00e1sico y medio superior, que fueron beneficiadas por \u00e9l.<\/p>\n","protected":false},"excerpt":{"rendered":"<p>El gobernador Eruviel \u00c1vila Villegas entreg\u00f3 el premio Max Shein a 265 estudiantes y 27 profesores de nivel<\/p>\n","protected":false},"author":3,"featured_media":0,"comment_status":"open","ping_status":"open","sticky":false,"template":"","format":"standard","meta":{"_monsterinsights_skip_tracking":false,"_monsterinsights_sitenote_active":false,"_monsterinsights_sitenote_note":"","_monsterinsights_sitenote_category":0,"footnotes":""},"categories":[5],"tags":[971,20049,5828,43675,2014,20706],"class_list":["post-95856","post","type-post","status-publish","format-standard","hentry","category-estado-de-mexico","tag-cuautitlan-izcalli","tag-eav","tag-eruviel-avila-villegas","tag-estado-de-mexico","tag-estudiantes","tag-premios"],"_links":{"self":[{"href":"https:\/\/www.diarioimagen.net\/index.php?rest_route=\/wp\/v2\/posts\/95856","targetHints":{"allow":["GET"]}}],"collection":[{"href":"https:\/\/www.diarioimagen.net\/index.php?rest_route=\/wp\/v2\/posts"}],"about":[{"href":"https:\/\/www.diarioimagen.net\/index.php?rest_route=\/wp\/v2\/types\/post"}],"author":[{"embeddable":true,"href":"https:\/\/www.diarioimagen.net\/index.php?rest_route=\/wp\/v2\/users\/3"}],"replies":[{"embeddable":true,"href":"https:\/\/www.diarioimagen.net\/index.php?rest_route=%2Fwp%2Fv2%2Fcomments&post=95856"}],"version-history":[{"count":0,"href":"https:\/\/www.diarioimagen.net\/index.php?rest_route=\/wp\/v2\/posts\/95856\/revisions"}],"wp:attachment":[{"href":"https:\/\/www.diarioimagen.net\/index.php?rest_route=%2Fwp%2Fv2%2Fmedia&parent=95856"}],"wp:term":[{"taxonomy":"category","embeddable":true,"href":"https:\/\/www.diarioimagen.net\/index.php?rest_route=%2Fwp%2Fv2%2Fcategories&post=95856"},{"taxonomy":"post_tag","embeddable":true,"href":"https:\/\/www.diarioimagen.net\/index.php?rest_route=%2Fwp%2Fv2%2Ftags&post=95856"}],"curies":[{"name":"wp","href":"https:\/\/api.w.org\/{rel}","templated":true}]}}