{"id":95882,"date":"2012-07-04T00:06:48","date_gmt":"2012-07-04T05:06:48","guid":{"rendered":"http:\/\/www.diarioimagen.net\/?p=95882"},"modified":"2012-07-05T01:24:14","modified_gmt":"2012-07-05T06:24:14","slug":"una-foto-perturbadora","status":"publish","type":"post","link":"https:\/\/www.diarioimagen.net\/?p=95882","title":{"rendered":"Una foto perturbadora"},"content":{"rendered":"<h2>Pol\u00edtica Spot<\/h2>\n<h5>Juan Manuel Maga\u00f1a<\/h5>\n<p><span><br \/>\nAyer ve\u00eda en internet la foto perturbadora de Josefina y el cu\u00f1ado de Calder\u00f3n, que sal\u00edan de Los Pinos muy sonrientes.<\/span><\/p>\n<p>\u201cDe qu\u00e9 se r\u00eden\u201d, pens\u00e9 de inmediato.<\/p>\n<p>Y es que la foto ten\u00eda dos cualidades. Era il\u00f3gica y algo ten\u00eda de provocadora.<\/p>\n<p>Me preguntaba c\u00f3mo era que esos dos personajes pod\u00edan estar sonriendo despu\u00e9s de la sonora derrota que hab\u00edan tenido el domingo anterior. Ah\u00ed estaba lo il\u00f3gico.<\/p>\n<p>Y me acord\u00e9 de la mentalidad deportiva que a uno le inculcan desde que se comienza a patear un bal\u00f3n o a lanzar una bola. Es entonces cuando se aprende una fr\u00eda verdad: se gana o se pierde.<\/p>\n<p>Adem\u00e1s se compite (parejo) para ganar, nada de que nom\u00e1s por competir, y en la victoria se festeja, pero tambi\u00e9n se agradece al adversario.<\/p>\n<p>Ora que si se pierde, el hecho se acepta con dignidad, en fr\u00edo y sin aspavientos, y se va uno a preparar para la pr\u00f3xima, si es que se puede.<\/p>\n<p>Pero no recuerdo para nada que me hayan ense\u00f1ando a re\u00edr, despu\u00e9s de perder, como un idiota o como un masoquista.<\/p>\n<p>Por eso paso a la cualidad de provocadora que tiene esa foto.\u00a0 Y como que la sonrisa tiene m\u00e1s bien pinta de cinismo. Algo que se expresa as\u00ed: Perdimos y qu\u00e9. Ya lo sab\u00edamos y no nos doli\u00f3. Si, hombre, dejamos demasiados muertos y muchos pobres en el camino, y qu\u00e9.<\/p>\n<p>Aqu\u00ed seguimos, no nos va mal.<\/p>\n<p>D\u00edganme si no es as\u00ed, porque la actitud de Josefina y el cu\u00f1ado no se corresponde con la manera sepulcral con que Gustavo Madero admiti\u00f3 el d\u00eda anterior que su partido hab\u00eda sufrido una hecatombe electoral.<\/p>\n<p>Aunque cabe una tercera posibilidad. Que para salir de Los Pinos, a Josefina y al cu\u00f1ado les ordenaron que no olvidaran sonre\u00edr all\u00e1 afuera. \u201cWhy so serious\u201d.<\/p>\n<p>Es decir, los mandaron a actuar, a cumplir esa parte de demencial que tiene la pol\u00edtica.<\/p>\n<p>Y entonces ellos, piezas sacrificables, hicieron aquello que \u201cEl Guaz\u00f3n\u201d siempre aconseja a sus v\u00edctimas: \u201cSi te has de ir, \u00a1vete con una sonrisa!\u201d.<\/p>\n<p>Por eso son\u00f3 incre\u00edble lo que la m\u00e1scara sonriente de Josefina dijo a la posteridad:<\/p>\n<p>\u201cEste no es el final, es el principio de un gran movimiento\u201d.<\/p>\n<p><em><a href=\"mailto: maganapalace@yahoo.com.mx\" target=\"_blank\"><em>maganapalace@yahoo.com.mx<\/em><\/a><\/em><\/p>\n","protected":false},"excerpt":{"rendered":"<p><span style=\"color: #005497;\"><strong>Juan Manuel Maga\u00f1a<\/strong><\/span><\/p>\n","protected":false},"author":3,"featured_media":0,"comment_status":"open","ping_status":"open","sticky":false,"template":"","format":"standard","meta":{"_monsterinsights_skip_tracking":false,"_monsterinsights_sitenote_active":false,"_monsterinsights_sitenote_note":"","_monsterinsights_sitenote_category":0,"footnotes":""},"categories":[22905],"tags":[10227,43709,1546,43674,22904],"class_list":["post-95882","post","type-post","status-publish","format-standard","hentry","category-juan-manuel-magana","tag-gustavo-madero-munoz","tag-juan-manuel-magana","tag-los-pinos","tag-opinion","tag-politica-spot"],"_links":{"self":[{"href":"https:\/\/www.diarioimagen.net\/index.php?rest_route=\/wp\/v2\/posts\/95882","targetHints":{"allow":["GET"]}}],"collection":[{"href":"https:\/\/www.diarioimagen.net\/index.php?rest_route=\/wp\/v2\/posts"}],"about":[{"href":"https:\/\/www.diarioimagen.net\/index.php?rest_route=\/wp\/v2\/types\/post"}],"author":[{"embeddable":true,"href":"https:\/\/www.diarioimagen.net\/index.php?rest_route=\/wp\/v2\/users\/3"}],"replies":[{"embeddable":true,"href":"https:\/\/www.diarioimagen.net\/index.php?rest_route=%2Fwp%2Fv2%2Fcomments&post=95882"}],"version-history":[{"count":0,"href":"https:\/\/www.diarioimagen.net\/index.php?rest_route=\/wp\/v2\/posts\/95882\/revisions"}],"wp:attachment":[{"href":"https:\/\/www.diarioimagen.net\/index.php?rest_route=%2Fwp%2Fv2%2Fmedia&parent=95882"}],"wp:term":[{"taxonomy":"category","embeddable":true,"href":"https:\/\/www.diarioimagen.net\/index.php?rest_route=%2Fwp%2Fv2%2Fcategories&post=95882"},{"taxonomy":"post_tag","embeddable":true,"href":"https:\/\/www.diarioimagen.net\/index.php?rest_route=%2Fwp%2Fv2%2Ftags&post=95882"}],"curies":[{"name":"wp","href":"https:\/\/api.w.org\/{rel}","templated":true}]}}