{"id":96105,"date":"2012-07-05T00:03:11","date_gmt":"2012-07-05T05:03:11","guid":{"rendered":"http:\/\/www.diarioimagen.net\/?p=96105"},"modified":"2012-07-05T02:27:11","modified_gmt":"2012-07-05T07:27:11","slug":"greipel-se-impuso-en-la-cuarta-etapa-del-tour","status":"publish","type":"post","link":"https:\/\/www.diarioimagen.net\/?p=96105","title":{"rendered":"Greipel se impuso en la cuarta etapa del Tour"},"content":{"rendered":"<ul>\n<li><strong><em>Fabian Cancellara sigue de l\u00edder<\/em><\/strong><\/li>\n<\/ul>\n<div id=\"attachment_96148\" style=\"width: 250px\" class=\"wp-caption alignleft\"><a class=\"highslide\" onclick=\"return vz.expand(this)\" href=\"http:\/\/www.diarioimagen.net\/wp-content\/uploads\/2012\/07\/deportes-1886.jpg\"><img loading=\"lazy\" decoding=\"async\" aria-describedby=\"caption-attachment-96148\" class=\"size-medium wp-image-96148\" title=\"deportes-1886\" src=\"http:\/\/www.diarioimagen.net\/wp-content\/uploads\/2012\/07\/deportes-1886-240x166.jpg\" alt=\"\" width=\"240\" height=\"166\" \/><\/a><p id=\"caption-attachment-96148\" class=\"wp-caption-text\">Andr\u00e9 Greipel.<\/p><\/div>\n<p><strong>Abbeville, Francia<\/strong>.- El alem\u00e1n Andr\u00e9 Greipel (Lotto) se impuso en la cuarta etapa del Tour de Francia, disputada entre las localidades francesas de Abbeville y Rouen, de 214,5 kil\u00f3metros, tras los que el suizo Fabian Cancellara (RadioShack) continua de l\u00edder.<\/p>\n<p>Greipel aprovech\u00f3 que el favorito a la victoria el brit\u00e1nico Mark Cavendish (Sky) no pudo disputar la llegada al caer a falta de tres kil\u00f3metros, y as\u00ed pudo hacer bueno el trabajo de su equipo durante la toda la jornada, e imponerse en la llegada al italiano Alessandro Petachi (Lampre) .<\/p>\n<p>La jornada fue tranquila para los favoritos a la general, a pesar del temor a que el viento tuviera un especial protagonismo en la ruta, a la espera de los altos que afrontar\u00e1n el fin de semana.<\/p>\n<p>La escapada del d\u00eda no se hizo esperar y nada m\u00e1s iniciarse la etapa el japon\u00e9s Yukiya Arashiro (Europcar) parti\u00f3 por delante del pelot\u00f3n. Un kil\u00f3metro despu\u00e9s se le unir\u00edan los franceses David Moncouti\u00e9 (Cofidis) y Anthony Delaplace (Saur).<\/p>\n<p>Sabedores de la ausencia de grandes dificultades de la jornada, los equipos interesados en una llegada masiva pusieron un ritmo sostenido, dejando que los escapados sumar\u00e1n minutos de ventaja, no m\u00e1s de ocho, para luego ir reduciendo sin grandes esfuerzos la diferencia hasta ser absorbidos a ocho de meta.<\/p>\n","protected":false},"excerpt":{"rendered":"<p>El alem\u00e1n Andr\u00e9 Greipel (Lotto) se impuso en la cuarta etapa del Tour de Francia, disputada entre las localidades francesas de Abbeville y Rouen, de 214,5 kil\u00f3metros, tras los que el suizo Fabian Cancellara (RadioShack) continua de l\u00edder.<\/p>\n","protected":false},"author":3,"featured_media":0,"comment_status":"open","ping_status":"open","sticky":false,"template":"","format":"standard","meta":{"_monsterinsights_skip_tracking":false,"_monsterinsights_sitenote_active":false,"_monsterinsights_sitenote_note":"","_monsterinsights_sitenote_category":0,"footnotes":""},"categories":[10],"tags":[43680,2115,2310],"class_list":["post-96105","post","type-post","status-publish","format-standard","hentry","category-deportes","tag-deportes","tag-francia","tag-tour-de-francia"],"_links":{"self":[{"href":"https:\/\/www.diarioimagen.net\/index.php?rest_route=\/wp\/v2\/posts\/96105","targetHints":{"allow":["GET"]}}],"collection":[{"href":"https:\/\/www.diarioimagen.net\/index.php?rest_route=\/wp\/v2\/posts"}],"about":[{"href":"https:\/\/www.diarioimagen.net\/index.php?rest_route=\/wp\/v2\/types\/post"}],"author":[{"embeddable":true,"href":"https:\/\/www.diarioimagen.net\/index.php?rest_route=\/wp\/v2\/users\/3"}],"replies":[{"embeddable":true,"href":"https:\/\/www.diarioimagen.net\/index.php?rest_route=%2Fwp%2Fv2%2Fcomments&post=96105"}],"version-history":[{"count":0,"href":"https:\/\/www.diarioimagen.net\/index.php?rest_route=\/wp\/v2\/posts\/96105\/revisions"}],"wp:attachment":[{"href":"https:\/\/www.diarioimagen.net\/index.php?rest_route=%2Fwp%2Fv2%2Fmedia&parent=96105"}],"wp:term":[{"taxonomy":"category","embeddable":true,"href":"https:\/\/www.diarioimagen.net\/index.php?rest_route=%2Fwp%2Fv2%2Fcategories&post=96105"},{"taxonomy":"post_tag","embeddable":true,"href":"https:\/\/www.diarioimagen.net\/index.php?rest_route=%2Fwp%2Fv2%2Ftags&post=96105"}],"curies":[{"name":"wp","href":"https:\/\/api.w.org\/{rel}","templated":true}]}}