{"id":96232,"date":"2012-07-06T00:02:48","date_gmt":"2012-07-06T05:02:48","guid":{"rendered":"http:\/\/www.diarioimagen.net\/?p=96232"},"modified":"2012-07-09T01:45:21","modified_gmt":"2012-07-09T06:45:21","slug":"amlo-presenta-presuntas-pruebas-de-compra-de-votos","status":"publish","type":"post","link":"https:\/\/www.diarioimagen.net\/?p=96232","title":{"rendered":"AMLO presenta presuntas pruebas de compra de votos"},"content":{"rendered":"<ul>\n<li><strong><em>El tabasque\u00f1o exhibe alrededor de 3 mil tarjetas de una tienda de autoservicio que, seg\u00fan \u00e9l, se usaron para coaccionar el sufragio<\/em><\/strong><\/li>\n<\/ul>\n<div id=\"attachment_96265\" style=\"width: 250px\" class=\"wp-caption alignleft\"><a class=\"highslide\" onclick=\"return vz.expand(this)\" href=\"http:\/\/www.diarioimagen.net\/wp-content\/uploads\/2012\/07\/amlo-1887.jpg\"><img loading=\"lazy\" decoding=\"async\" aria-describedby=\"caption-attachment-96265\" class=\"size-medium wp-image-96265\" title=\"amlo-1887\" src=\"http:\/\/www.diarioimagen.net\/wp-content\/uploads\/2012\/07\/amlo-1887-240x135.jpg\" alt=\"\" width=\"240\" height=\"135\" \/><\/a><p id=\"caption-attachment-96265\" class=\"wp-caption-text\">Andr\u00e9s Manuel L\u00f3pez Obrador, el candidato del Movimiento Progresista, se present\u00f3 ayer con una escenograf\u00eda forrada de tarjetas de prepago, que dice que se las devolvieron a \u00e9l los votantes.<\/p><\/div>\n<p>El candidato presidencial de la coalici\u00f3n Movimiento Progresista, Andr\u00e9s Manuel L\u00f3pez Obrador, present\u00f3 alrededor de 3 mil tarjetas de una tienda de autoservicio que, seg\u00fan \u00e9l, se habr\u00edan usado para la compra de votos en favor del abanderado de la coalici\u00f3n Compromiso por M\u00e9xico, Enrique Pe\u00f1a Nieto.<\/p>\n<p>En conferencia de prensa acompa\u00f1ado por su coordinador de campa\u00f1a, Ricardo Monreal, L\u00f3pez Obrador asegur\u00f3 que seguir\u00e1 actuando con apego al procedimiento legal y \u201cnadie puede decir que estamos violentando la ley\u201d, \u201cestamos haciendo uso de nuestros derechos constitucionales\u201d.<\/p>\n<p>L\u00f3pez Obrador dijo que continuar\u00e1 su lucha por la defensa del voto y calific\u00f3 la compra masiva de votos a trav\u00e9s de las tarjetas como\u00a0una operaci\u00f3n bien dise\u00f1ada, deshonesta, \u201cuna muestra antidemocr\u00e1tica de la compra de votos\u201d.<\/p>\n<p>Detall\u00f3 que mucha gente les est\u00e1 entregando las tarjetas, \u201calgunos arrepentidos y otros porque ya las usaron\u201d, se\u00f1al\u00f3.<\/p>\n<p>Luego de la intervenci\u00f3n que hizo Ricardo Monreal, su asesor de campa\u00f1a, en la que detall\u00f3 que fueron m\u00e1s de 3\u00a0mil\u00a0500 tarjetas entregadas para la compra de votos, L\u00f3pez Obrador dijo que con esto se est\u00e1 dimensionando el da\u00f1o que ocasiona este tipo de montajes.<\/p>\n<p>Se\u00f1al\u00f3 que continuar\u00e1n recogiendo m\u00e1s informaci\u00f3n y testimonios para probar \u201ctodo lo que signific\u00f3 el uso del dinero en el proceso electoral\u201d e insisti\u00f3 \u201cson millones de votos\u201d.<\/p>\n<p>El tabasque\u00f1o calific\u00f3 de c\u00ednicos y corruptos a los promotores pri\u00edstas que compraron los votos y que ahora lo niegan.<\/p>\n<p>Tambi\u00e9n critic\u00f3 a los panistas por no defender el voto y \u201cnegociar con el PRI\u201d.<\/p>\n<p>\u201cNosotros nunca hemos comprado un voto, jam\u00e1s hemos entregado una despensa a cambio de voto, tenemos autoridad moral\u201d.<\/p>\n<p>Finalmente reiter\u00f3 que buscar\u00e1 que se limpie la elecci\u00f3n y record\u00f3 que desde febrero Ricado Monreal alert\u00f3 a las autoridades del Instituto Federal Electoral (IFE) sobre la existencia de estas tarjetas, pero no hicieron caso.<\/p>\n","protected":false},"excerpt":{"rendered":"<p>El candidato presidencial de la coalici\u00f3n Movimiento Progresista, Andr\u00e9s Manuel L\u00f3pez Obrador, present\u00f3 alrededor de 3 mil tarjetas de una tienda de autoservicio que, seg\u00fan \u00e9l, se habr\u00edan usado para la compra de votos en favor del abanderado de la coalici\u00f3n Compromiso por M\u00e9xico, Enrique Pe\u00f1a Nieto.<\/p>\n","protected":false},"author":3,"featured_media":0,"comment_status":"open","ping_status":"open","sticky":false,"template":"","format":"standard","meta":{"_monsterinsights_skip_tracking":false,"_monsterinsights_sitenote_active":false,"_monsterinsights_sitenote_note":"","_monsterinsights_sitenote_category":0,"footnotes":""},"categories":[17],"tags":[1352,18,21724,43673],"class_list":["post-96232","post","type-post","status-publish","format-standard","hentry","category-especiales","tag-andres-manuel-lopez-obrador","tag-enrique-pena-nieto","tag-movimiento-progresista","tag-nacional"],"_links":{"self":[{"href":"https:\/\/www.diarioimagen.net\/index.php?rest_route=\/wp\/v2\/posts\/96232","targetHints":{"allow":["GET"]}}],"collection":[{"href":"https:\/\/www.diarioimagen.net\/index.php?rest_route=\/wp\/v2\/posts"}],"about":[{"href":"https:\/\/www.diarioimagen.net\/index.php?rest_route=\/wp\/v2\/types\/post"}],"author":[{"embeddable":true,"href":"https:\/\/www.diarioimagen.net\/index.php?rest_route=\/wp\/v2\/users\/3"}],"replies":[{"embeddable":true,"href":"https:\/\/www.diarioimagen.net\/index.php?rest_route=%2Fwp%2Fv2%2Fcomments&post=96232"}],"version-history":[{"count":0,"href":"https:\/\/www.diarioimagen.net\/index.php?rest_route=\/wp\/v2\/posts\/96232\/revisions"}],"wp:attachment":[{"href":"https:\/\/www.diarioimagen.net\/index.php?rest_route=%2Fwp%2Fv2%2Fmedia&parent=96232"}],"wp:term":[{"taxonomy":"category","embeddable":true,"href":"https:\/\/www.diarioimagen.net\/index.php?rest_route=%2Fwp%2Fv2%2Fcategories&post=96232"},{"taxonomy":"post_tag","embeddable":true,"href":"https:\/\/www.diarioimagen.net\/index.php?rest_route=%2Fwp%2Fv2%2Ftags&post=96232"}],"curies":[{"name":"wp","href":"https:\/\/api.w.org\/{rel}","templated":true}]}}