{"id":96418,"date":"2012-07-09T00:03:05","date_gmt":"2012-07-09T05:03:05","guid":{"rendered":"http:\/\/www.diarioimagen.net\/?p=96418"},"modified":"2012-07-09T02:03:24","modified_gmt":"2012-07-09T07:03:24","slug":"por-septima-vez-federer-se-corona-en-wimbledon","status":"publish","type":"post","link":"https:\/\/www.diarioimagen.net\/?p=96418","title":{"rendered":"Por s\u00e9ptima vez, Federer se corona en Wimbledon"},"content":{"rendered":"<ul>\n<li><strong><em>Mostr\u00f3 perfecci\u00f3n estil\u00edstica<\/em><\/strong><\/li>\n<\/ul>\n<div id=\"attachment_96496\" style=\"width: 250px\" class=\"wp-caption alignleft\"><a class=\"highslide\" onclick=\"return vz.expand(this)\" href=\"http:\/\/www.diarioimagen.net\/wp-content\/uploads\/2012\/07\/deportes-1888.jpg\"><img loading=\"lazy\" decoding=\"async\" aria-describedby=\"caption-attachment-96496\" class=\"size-medium wp-image-96496\" title=\"deportes-1888\" src=\"http:\/\/www.diarioimagen.net\/wp-content\/uploads\/2012\/07\/deportes-1888-240x161.jpg\" alt=\"\" width=\"240\" height=\"161\" \/><\/a><p id=\"caption-attachment-96496\" class=\"wp-caption-text\">Roger Federer y Andy Murray.<\/p><\/div>\n<p><strong>Wimbledon, Inglaterra<\/strong>.- El suizo Roger Federer conquist\u00f3 ayer su s\u00e9ptimo Wimbledon y se alz\u00f3 como nuevo n\u00famero uno del tenis mundial, al vencer en la final al escoc\u00e9s Andy Murray, por 4-6, 7-5, 6-3 y 6-4, en tres horas y 24 minutos.<\/p>\n<p>Desde antes de la Segunda Guerra Mundial, Wimbledon no hab\u00eda visto a un brit\u00e1nico tan cerca del t\u00edtulo, pero Murray se desmoron\u00f3 tras ganar el primer set ante la perfecci\u00f3n estil\u00edstica de un Federer que igual\u00f3 al estadounidense Pete Sampras como el hombre que m\u00e1s veces se ha impuesto en este torneo en la Era Open.<\/p>\n<p>El suizo, adem\u00e1s, compartir\u00e1 con Sampras a partir de este lunes, cuando se actualice el r\u00e1nking de la ATP, el r\u00e9cord de 286 semanas como n\u00famero uno del mundo, que podr\u00e1 ampliar incluso.<\/p>\n<p>Arropado por los 15.000 espectadores que llenaban la pista central, Murray salt\u00f3 a la hierba dispuesto a revolucionar el orden establecido y se impuso al resto en el primer juego ante un Federer condenado a remar a contracorriente en el primer tramo de su octava final de Wimbledon (m\u00e1s que ning\u00fan otro jugador en la historia).<\/p>\n","protected":false},"excerpt":{"rendered":"<p>El suizo Roger Federer conquist\u00f3 ayer su s\u00e9ptimo Wimbledon y se alz\u00f3 como nuevo n\u00famero uno del tenis mundial, al vencer en la final al escoc\u00e9s Andy Murray, por 4-6, 7-5, 6-3 y 6-4, en tres horas y 24 minutos.<\/p>\n","protected":false},"author":3,"featured_media":0,"comment_status":"open","ping_status":"open","sticky":false,"template":"","format":"standard","meta":{"_monsterinsights_skip_tracking":false,"_monsterinsights_sitenote_active":false,"_monsterinsights_sitenote_note":"","_monsterinsights_sitenote_category":0,"footnotes":""},"categories":[10],"tags":[43680,2530,317,719,1010],"class_list":["post-96418","post","type-post","status-publish","format-standard","hentry","category-deportes","tag-deportes","tag-inglaterra","tag-roger-federer","tag-tenis","tag-wimbledon"],"_links":{"self":[{"href":"https:\/\/www.diarioimagen.net\/index.php?rest_route=\/wp\/v2\/posts\/96418","targetHints":{"allow":["GET"]}}],"collection":[{"href":"https:\/\/www.diarioimagen.net\/index.php?rest_route=\/wp\/v2\/posts"}],"about":[{"href":"https:\/\/www.diarioimagen.net\/index.php?rest_route=\/wp\/v2\/types\/post"}],"author":[{"embeddable":true,"href":"https:\/\/www.diarioimagen.net\/index.php?rest_route=\/wp\/v2\/users\/3"}],"replies":[{"embeddable":true,"href":"https:\/\/www.diarioimagen.net\/index.php?rest_route=%2Fwp%2Fv2%2Fcomments&post=96418"}],"version-history":[{"count":0,"href":"https:\/\/www.diarioimagen.net\/index.php?rest_route=\/wp\/v2\/posts\/96418\/revisions"}],"wp:attachment":[{"href":"https:\/\/www.diarioimagen.net\/index.php?rest_route=%2Fwp%2Fv2%2Fmedia&parent=96418"}],"wp:term":[{"taxonomy":"category","embeddable":true,"href":"https:\/\/www.diarioimagen.net\/index.php?rest_route=%2Fwp%2Fv2%2Fcategories&post=96418"},{"taxonomy":"post_tag","embeddable":true,"href":"https:\/\/www.diarioimagen.net\/index.php?rest_route=%2Fwp%2Fv2%2Ftags&post=96418"}],"curies":[{"name":"wp","href":"https:\/\/api.w.org\/{rel}","templated":true}]}}