{"id":96420,"date":"2012-07-09T00:04:52","date_gmt":"2012-07-09T05:04:52","guid":{"rendered":"http:\/\/www.diarioimagen.net\/?p=96420"},"modified":"2012-07-09T02:04:04","modified_gmt":"2012-07-09T07:04:04","slug":"encuentran-dos-cadaveres-en-un-auto-abandonado-en-contreras","status":"publish","type":"post","link":"https:\/\/www.diarioimagen.net\/?p=96420","title":{"rendered":"Encuentran dos cad\u00e1veres en un auto abandonado en Contreras"},"content":{"rendered":"<ul>\n<li><strong><em>Las autoridades ya investigan<\/em><\/strong><\/li>\n<\/ul>\n<div id=\"attachment_96499\" style=\"width: 250px\" class=\"wp-caption alignleft\"><a class=\"highslide\" onclick=\"return vz.expand(this)\" href=\"http:\/\/www.diarioimagen.net\/wp-content\/uploads\/2012\/07\/seguridad-1888.jpg\"><img loading=\"lazy\" decoding=\"async\" aria-describedby=\"caption-attachment-96499\" class=\"size-medium wp-image-96499\" title=\"seguridad-1888\" src=\"http:\/\/www.diarioimagen.net\/wp-content\/uploads\/2012\/07\/seguridad-1888-240x141.jpg\" alt=\"\" width=\"240\" height=\"141\" \/><\/a><p id=\"caption-attachment-96499\" class=\"wp-caption-text\">Dos cuerpos fueron hallados en una colonia de la parte alta de Contreras; estaban en un veh\u00edculo.<\/p><\/div>\n<p>En el interior de un veh\u00edculo Chevrolet Optra placas 387 WRK color gris, abandonado en la colonia La Carbonera de la delegaci\u00f3n Magdalena Contreras del Distrito federal, fueron encontrados los cuerpos de dos personas.<\/p>\n<p>Vecinos de la zona llamaron a las autoridades policiacas, pues el veh\u00edculo fue estacionado por la ma\u00f1ana frente a una vivienda de la calle Sayula esquina Prolongaci\u00f3n Carbonera.<\/p>\n<p>En los asientos traseros se encontr\u00f3 el cuerpo de la mujer, quien vest\u00eda un pantal\u00f3n de mezclilla azul, una chamarra blanca y sin zapatos -al parecer camin\u00f3 descalza por el lodo ya que sus medias estaban manchadas de tierra- y sus manos sujetadas por un cord\u00f3n negro.<\/p>\n<p>En la cajuela fue localizado el cad\u00e1ver de un hombre de aproximadamente 65 a\u00f1os, con rastros de sangre en la cara y vest\u00eda una camisa blanca con rayas azules, un chaleco gris, un pantal\u00f3n de mezclilla azul y un cintur\u00f3n beige.<\/p>\n<p>Las primeras investigaciones de la PGJDF indican que las v\u00edctimas fueron ejecutadas con armas de fuego, adem\u00e1s de que el veh\u00edculo no tiene reporte de robo.<\/p>\n<p>Al lugar arrib\u00f3 una gr\u00faa de Recuperaci\u00f3n de Vialidades de la SSP-DF para arrastrar el veh\u00edculo, junto con los cuerpos en su interior, a la Coordinaci\u00f3n Territorial Magdalena Contreras 2, donde se inici\u00f3 la averiguaci\u00f3n previa por el delito de homicidio.<\/p>\n","protected":false},"excerpt":{"rendered":"<p>En el interior de un veh\u00edculo Chevrolet Optra placas 387 WRK color gris, abandonado en la colonia La Carbonera de la delegaci\u00f3n Magdalena Contreras del Distrito federal, fueron encontrados los cuerpos de dos personas.<\/p>\n","protected":false},"author":3,"featured_media":0,"comment_status":"open","ping_status":"open","sticky":false,"template":"","format":"standard","meta":{"_monsterinsights_skip_tracking":false,"_monsterinsights_sitenote_active":false,"_monsterinsights_sitenote_note":"","_monsterinsights_sitenote_category":0,"footnotes":""},"categories":[7],"tags":[204,13385,39,14751,323,43677],"class_list":["post-96420","post","type-post","status-publish","format-standard","hentry","category-seguridad","tag-ciudad-de-mexico","tag-cuerpos","tag-distrito-federal","tag-magdalena-contreras","tag-pgjdf","tag-seguridad"],"_links":{"self":[{"href":"https:\/\/www.diarioimagen.net\/index.php?rest_route=\/wp\/v2\/posts\/96420","targetHints":{"allow":["GET"]}}],"collection":[{"href":"https:\/\/www.diarioimagen.net\/index.php?rest_route=\/wp\/v2\/posts"}],"about":[{"href":"https:\/\/www.diarioimagen.net\/index.php?rest_route=\/wp\/v2\/types\/post"}],"author":[{"embeddable":true,"href":"https:\/\/www.diarioimagen.net\/index.php?rest_route=\/wp\/v2\/users\/3"}],"replies":[{"embeddable":true,"href":"https:\/\/www.diarioimagen.net\/index.php?rest_route=%2Fwp%2Fv2%2Fcomments&post=96420"}],"version-history":[{"count":0,"href":"https:\/\/www.diarioimagen.net\/index.php?rest_route=\/wp\/v2\/posts\/96420\/revisions"}],"wp:attachment":[{"href":"https:\/\/www.diarioimagen.net\/index.php?rest_route=%2Fwp%2Fv2%2Fmedia&parent=96420"}],"wp:term":[{"taxonomy":"category","embeddable":true,"href":"https:\/\/www.diarioimagen.net\/index.php?rest_route=%2Fwp%2Fv2%2Fcategories&post=96420"},{"taxonomy":"post_tag","embeddable":true,"href":"https:\/\/www.diarioimagen.net\/index.php?rest_route=%2Fwp%2Fv2%2Ftags&post=96420"}],"curies":[{"name":"wp","href":"https:\/\/api.w.org\/{rel}","templated":true}]}}