{"id":97220,"date":"2012-07-16T00:07:26","date_gmt":"2012-07-16T05:07:26","guid":{"rendered":"http:\/\/www.diarioimagen.net\/?p=97220"},"modified":"2012-07-16T03:25:04","modified_gmt":"2012-07-16T08:25:04","slug":"promoveran-a-mexico-en-estados-unidos","status":"publish","type":"post","link":"https:\/\/www.diarioimagen.net\/?p=97220","title":{"rendered":"Promover\u00e1n a M\u00e9xico en Estados Unidos"},"content":{"rendered":"<ul>\n<li><strong><em>La Sectur y el Consejo de Promoci\u00f3n Tur\u00edstica realizar\u00e1n una visita de trabajo a Texas, Carolina del Norte y Nueva York<\/em><\/strong><\/li>\n<\/ul>\n<div id=\"attachment_97251\" style=\"width: 250px\" class=\"wp-caption alignleft\"><a class=\"highslide\" onclick=\"return vz.expand(this)\" href=\"http:\/\/www.diarioimagen.net\/wp-content\/uploads\/2012\/07\/sectur-1893.jpg\"><img loading=\"lazy\" decoding=\"async\" aria-describedby=\"caption-attachment-97251\" class=\"size-medium wp-image-97251\" title=\"sectur-1893\" src=\"http:\/\/www.diarioimagen.net\/wp-content\/uploads\/2012\/07\/sectur-1893-240x117.jpg\" alt=\"\" width=\"240\" height=\"117\" \/><\/a><p id=\"caption-attachment-97251\" class=\"wp-caption-text\">Gloria Guevara Manzo, titular de Turismo, har\u00e1 una gira por EU.<\/p><\/div>\n<p>Con el objetivo de fortalecer la promoci\u00f3n tur\u00edstica de nuestro pa\u00eds como el principal destino de viaje en el mercado estadunidense, la secretar\u00eda de Turismo del gobierno federal y el Consejo de Promoci\u00f3n Tur\u00edstica de M\u00e9xico realizar\u00e1n una visita de trabajo a Texas, Carolina del Norte y Nueva York.<\/p>\n<p>La titular de la Sectur, Gloria Guevara Manzo, en compa\u00f1\u00eda del director general Adjunto del CPTM, Rodolfo L\u00f3pez Negrete, encabezar\u00e1n encuentros de trabajo con tour-operadores y directivos de empresas tur\u00edsticas, interesados en la promoci\u00f3n de los destinos tur\u00edsticos de nuestro pa\u00eds.<\/p>\n<p>La gira de trabajo incluye visitas a las ciudades de Dallas, Austin y Charlotte, donde se realizar\u00e1n encuentros denominados Mexico Day, a los que est\u00e1n convocados los principales touroperadores de Texas y Carolina del Norte.<\/p>\n<p>En tanto, en la ciudad de Nueva York tendr\u00e1 lugar un encuentro con empresarios del sector tur\u00edstico denominado \u201cCalendario Maya\u201d, organizado por la prestigiada revista especializada en turismo <em>Conde Nast Traveler. <\/em>En este foro se har\u00e1 la presentaci\u00f3n del Programa Mundo Maya y los atractivos de los estados del sureste mexicano.<\/p>\n<p>El fin de una era en el calendario maya, previsto para el 21 de diciembre de este a\u00f1o, ha despertado el inter\u00e9s de la comunidad internacional, especialmente del mercado estadunidense.<\/p>\n<p>Se estima que los cinco estados de la regi\u00f3n del Mundo Maya (Campeche, Chiapas, Tabasco, Quintana Roo y Yucat\u00e1n), recibir\u00e1n m\u00e1s de 52 millones de visitantes nacionales y extranjeros, que dejar\u00e1n una derrama superior a los 200 mil millones de pesos.<\/p>\n<p>Informes del Departamento de Comercio de Estados Unidos, se\u00f1alan que nuestro pa\u00eds es el principal destino de viaje de los estadounidenses en el extranjero, con una participaci\u00f3n de mercado del 19 por ciento.<\/p>\n<p>De acuerdo con el Sistema Integral de Operaci\u00f3n Migratoria (SIOM), en mayo llegaron a nuestro pa\u00eds m\u00e1s de 467 mil visitantes estadunidenses v\u00eda a\u00e9rea, lo que represent\u00f3 un incremento de 2.2 por ciento, en comparaci\u00f3n con el mismo periodo del a\u00f1o anterior.<\/p>\n","protected":false},"excerpt":{"rendered":"<p>Con el objetivo de fortalecer la promoci\u00f3n tur\u00edstica de nuestro pa\u00eds como el principal destino de viaje en el mercado estadunidense, la secretar\u00eda de Turismo del gobierno federal y el Consejo de Promoci\u00f3n Tur\u00edstica de M\u00e9xico realizar\u00e1n una visita de trabajo a Texas, Carolina del Norte y Nueva York.<\/p>\n","protected":false},"author":3,"featured_media":0,"comment_status":"open","ping_status":"open","sticky":false,"template":"","format":"standard","meta":{"_monsterinsights_skip_tracking":false,"_monsterinsights_sitenote_active":false,"_monsterinsights_sitenote_note":"","_monsterinsights_sitenote_category":0,"footnotes":""},"categories":[3],"tags":[4419,44,942,3759],"class_list":["post-97220","post","type-post","status-publish","format-standard","hentry","category-nacional","tag-carolina-del-norte","tag-mexico","tag-nueva-york","tag-texas"],"_links":{"self":[{"href":"https:\/\/www.diarioimagen.net\/index.php?rest_route=\/wp\/v2\/posts\/97220","targetHints":{"allow":["GET"]}}],"collection":[{"href":"https:\/\/www.diarioimagen.net\/index.php?rest_route=\/wp\/v2\/posts"}],"about":[{"href":"https:\/\/www.diarioimagen.net\/index.php?rest_route=\/wp\/v2\/types\/post"}],"author":[{"embeddable":true,"href":"https:\/\/www.diarioimagen.net\/index.php?rest_route=\/wp\/v2\/users\/3"}],"replies":[{"embeddable":true,"href":"https:\/\/www.diarioimagen.net\/index.php?rest_route=%2Fwp%2Fv2%2Fcomments&post=97220"}],"version-history":[{"count":0,"href":"https:\/\/www.diarioimagen.net\/index.php?rest_route=\/wp\/v2\/posts\/97220\/revisions"}],"wp:attachment":[{"href":"https:\/\/www.diarioimagen.net\/index.php?rest_route=%2Fwp%2Fv2%2Fmedia&parent=97220"}],"wp:term":[{"taxonomy":"category","embeddable":true,"href":"https:\/\/www.diarioimagen.net\/index.php?rest_route=%2Fwp%2Fv2%2Fcategories&post=97220"},{"taxonomy":"post_tag","embeddable":true,"href":"https:\/\/www.diarioimagen.net\/index.php?rest_route=%2Fwp%2Fv2%2Ftags&post=97220"}],"curies":[{"name":"wp","href":"https:\/\/api.w.org\/{rel}","templated":true}]}}