{"id":97733,"date":"2012-07-20T00:01:35","date_gmt":"2012-07-20T05:01:35","guid":{"rendered":"http:\/\/www.diarioimagen.net\/?p=97733"},"modified":"2012-07-23T02:37:19","modified_gmt":"2012-07-23T07:37:19","slug":"paracho-y-santa-clara-del-cobre-de-fiesta-durante-los-primeros-dias-de-agosto","status":"publish","type":"post","link":"https:\/\/www.diarioimagen.net\/?p=97733","title":{"rendered":"Paracho y Santa Clara del Cobre, de fiesta durante los primeros d\u00edas de agosto"},"content":{"rendered":"<h2>De cinco estrellas<\/h2>\n<h5>Victoria Gonz\u00e1lez Prado<\/h5>\n<p>&nbsp;<\/p>\n<ul>\n<li><em><strong>Ya inici\u00f3 la primera etapa de los seminarios \u201cConozca Canad\u00e1\u201d<\/strong><\/em><\/li>\n<li><em><strong>7 millones 750 mil turistas arribar\u00e1n al DF durante estas vacaciones<\/strong><\/em><\/li>\n<li><em><strong>Tailandia registra los precios hoteleros m\u00e1s econ\u00f3micos del mundo, este verano<\/strong><\/em><\/li>\n<\/ul>\n<div id=\"attachment_97809\" style=\"width: 250px\" class=\"wp-caption alignleft\"><a class=\"highslide\" onclick=\"return vz.expand(this)\" href=\"http:\/\/www.diarioimagen.net\/wp-content\/uploads\/2012\/07\/turismo-1897.jpg\"><img loading=\"lazy\" decoding=\"async\" aria-describedby=\"caption-attachment-97809\" class=\"size-medium wp-image-97809\" title=\"turismo-1897\" src=\"http:\/\/www.diarioimagen.net\/wp-content\/uploads\/2012\/07\/turismo-1897-240x102.jpg\" alt=\"\" width=\"240\" height=\"102\" \/><\/a><p id=\"caption-attachment-97809\" class=\"wp-caption-text\">En la presentaci\u00f3n de las ferias de Santa Clara y Paracho.<\/p><\/div>\n<p>En agosto pr\u00f3ximo, Michoac\u00e1n estar\u00e1 de manteles largos con las tradicionales ferias en los Pueblos M\u00e1gicos de Paracho y Santa Clara del Cobre; la primera tendr\u00e1 lugar del 4 al 12 y la segunda del 6 al 17. La versi\u00f3n 39 de la Feria Internacional de la Guitarra, que se realiza en Paracho, tendr\u00e1 programa alterno de eventos culturales y art\u00edsticos, desfiles, demostraciones gastron\u00f3micas, danza, m\u00fasica, el Concurso Nacional de Ni\u00f1os Guitarristas y el Concurso Tradicional de Bandas. Paracho se caracteriza por la elaboraci\u00f3n de instrumentos de cuerda, en especial las guitarras. <strong>Nicol\u00e1s Zalapa Vargas<\/strong>, alcalde de Paracho, mencion\u00f3 que la fiesta que organizan es la m\u00e1s importante. \u201dRepresenta mucho, no solamente para el municipio o el estado, sino para toda la naci\u00f3n, porque es donde se celebra la construcci\u00f3n de la guitarra y en M\u00e9xico no existe un pueblo como Paracho, donde m\u00e1s del 40% de la poblaci\u00f3n depende de la construcci\u00f3n de ese instrumento\u201d. Santa Clara es otra visita\u00a0 que hay que agendar, la Feria Nacional del Cobre y el Concurso de Cobre Martillado se realizar\u00e1n del 6 al 17 de agosto, dijo el alcalde <strong>Alejandro Mendoza Olvera,<\/strong> quien adem\u00e1s se\u00f1al\u00f3 que \u201cparticipar\u00e1n m\u00e1s de 350 artesanos que compiten por 90 premios divididos en cuatro categor\u00edas: maestros artesanos, nuevos valores, juvenil e infantil,\u00a0 y por 16 premios especiales. El objetivo principal es mostrar las piezas creadas por verdaderos artistas\u00a0 y fomentar el comercio de sus obras. <strong>Nancy C\u00e1rdenas Meza<\/strong>, titular der la representaci\u00f3n de Michoac\u00e1n en el DF, donde se realiz\u00f3 la conferencia de prensa, dio la bienvenida al secretario de Turismo en el estado de Michoac\u00e1n, <strong>Roberto Monroy Garc\u00eda<\/strong>; al director de CASART, <strong>Rafael Paz Vega<\/strong>, y a los presidentes municipales de Paracho y Santa Clara del Cobre. En su intervenci\u00f3n, <strong>Roberto Monroy<\/strong> se refiri\u00f3 a las riquezas culturales y artesanales con las que cuenta Michoac\u00e1n, mismas que podr\u00e1n experimentar los turistas nacionales e internacionales que visiten ambas ferias. la Feria Nacional de Guitarra de Paracho y la Feria Nacional de Santa Clara del Cobre. \u201cMichoac\u00e1n tiene la fortuna de contar con la herencia de magn\u00edficas tradiciones ancestrales, como el martillado artesanal de cobre que se realiza en Santa Clara del Cobre desde tiempos inmemoriales, as\u00ed como la detallada construcci\u00f3n de instrumentos de cuerda en Paracho, capital mundial de las guitarras\u201d.<\/p>\n<p>\u2730\u2730\u2730\u2730\u2730 La primera etapa de los seminarios Conozca Canad\u00e1 2012, se realiz\u00f3 recientemente con la intenci\u00f3n de mantener actualizados a los agentes de viajes del pa\u00eds. Como ya es tradicional, estos seminarios fueron organizados por Comisi\u00f3n Canadiense de Turismo (CTC), que preside <strong>Jorge Morf\u00edn,<\/strong> en alianza con las oficinas de turismo de Alberta, Columbia Brit\u00e1nica, Ontario y Quebec, <em>VIA Rail<\/em> y <em>Air Canad\u00e1<\/em>. En cada uno de estos seminarios realizados en el Distrito Federal, Quer\u00e9taro, Puebla y Cuernavaca, se comparti\u00f3 con los agentes de viajes la oferta de experiencias que ofrece cada provincia para los diferentes tipos de viajeros. Uno de los datos m\u00e1s relevantes que se dieron a conocer durante estas conferencias fue la pol\u00edtica de la aerol\u00ednea canadiense de reembolsar a los consumidores el costo de su boleto de avi\u00f3n en el caso de que no obtengan su visa para realizar su viaje. El Programa de Especialistas en Canad\u00e1 (o CSP por sus siglas en ingl\u00e9s) es una herramienta educacional dise\u00f1ada por la CTC para instruir a los agentes de viajes sobre Canad\u00e1 y convertirlos en verdaderos especialistas del destino. Todos los agentes que asistieron a la primera etapa de los seminarios Conozca Canad\u00e1 2012, cuentan con esta certificaci\u00f3n. Los seminarios continuar\u00e1n el 10 de septiembre en la ciudad de M\u00e9xico; el 9, 10 y 11 de octubre en Guadalajara, Le\u00f3n (Guanajuato) y Aguascalientes respectivamente y finalizar\u00e1n en Monterrey el 18 del mismo mes.<\/p>\n<p>\u2730\u2730\u2730\u2730\u2730 <strong>Carlos Mackinlay<\/strong>, titular de Turismo de la ciudad de M\u00e9xico,<strong> <\/strong>present\u00f3 la campa\u00f1a de verano 2012, en la que ech\u00f3 la casa por la ventana. La sede fue el Museo Interactivo de Econom\u00eda, lugar a donde tambi\u00e9n acudi\u00f3 <strong>Marcelo Ebrard<\/strong>, jefe de gobierno;\u00a0 <strong>Ely Guerra<\/strong>, cantante y compositora y adem\u00e1s la imagen de la campa\u00f1a. Alrededor de 7 millones 750 mil turistas arribar\u00e1n a la ciudad de M\u00e9xico durante estas vacaciones de verano a hospedarse, tanto en hoteles como en casas de familiares y amigos, y se\u00a0 estima que dejar\u00e1n una derrama econ\u00f3mica\u00a0 de 18 mil 500 millones de pesos, dijo <strong>Mackinlay <\/strong>y agreg\u00f3 \u201cesto significa que el 15% del total de los viajantes del pa\u00eds, eligi\u00f3 al DF para vacacionar y por ello decidieron lanzar dicha campa\u00f1a en la que se\u00a0 promocionar\u00e1n todas las actividades de verano que ofrece la capital del pa\u00eds. Asimismo, enumer\u00f3 tan s\u00f3lo una parte de la oferta tur\u00edstica que tiene la ciudad para este verano, entre las que destacan 111 obras de teatro, 47 espect\u00e1culos musicales, 39 eventos danc\u00edsticos, 308 exposiciones y actividades en museos, 96 actividades infantiles, 19 conciertos, 90 espacios tur\u00edsticos LGBT y m\u00e1s de 100 actividades adicionales\u00a0 que representan un excelente motivo para viajar a la capital. Para conocer m\u00e1s sobre las actividades se dispone de 13 m\u00f3dulos permanentes ubicados en las dos terminales aeroportuarias, en las centrales camioneras que se complementan con los m\u00f3dulos m\u00f3viles delegacionales de Tl\u00e1huac, Cuajimalpa, Xochimilco, Azcapotzalco, Milpa Alta, Coyoac\u00e1n y Benito Ju\u00e1rez y el m\u00f3dulo instalado en el acceso de la carretera M\u00e9xico-Cuernavaca. En su oportunidad,\u00a0 Ely Guerra dijo que el DF es una ciudad viva y que para habitarla, es necesario tener agallas, coraje, valor y determinaci\u00f3n.<\/p>\n<p>\u2730\u2730\u2730\u2730\u2730 Trivago Espa\u00f1a realiz\u00f3 un estudio sobre los destinos de playa y las ciudades m\u00e1s caras y m\u00e1s econ\u00f3micas para este verano a nivel mundial. En este se tomaron en cuenta el precio medio de los hoteles de los destinos que ofertan los m\u00e1s de 100 portales de reserva afiliados a Trivago, durante los meses de julio y agosto. Bangkok, capital de Tailandia, es la ciudad m\u00e1s barata del mundo para dormir este verano. Sus hoteles registran un precio medio de 46 euros, por delante de la capital de Malasia, Kuala Lumpur, con una media de 48 euros por noche, y la b\u00falgara Sof\u00eda, con 52 euros. Capitales de pa\u00edses del sur de Asia y de Europa del Este aparecen en los primeros puestos del ranking, pero en el d\u00e9cimo puesto de la tabla tambi\u00e9n se encuentra una ciudad espa\u00f1ola, Granada, con una media de 62 euros. En el polo opuesto, entre las ciudades m\u00e1s caras a nivel internacional, no se encuentra ninguna espa\u00f1ola. Los hoteles de Londres se sit\u00faan en primera posici\u00f3n, con una media de 233 euros, por delante de Nueva York, con 217 euros, Ginebra, con 215 euros, Tel Aviv, con 168 euros, y San Francisco, con 166 euros. Por destinos de playa, tambi\u00e9n Tailandia encabeza la lista de los m\u00e1s econ\u00f3micos, ya que Patong Beach registra un precio medio de 34 euros. Por detr\u00e1s, del segundo al sexto puesto, los destinos son espa\u00f1oles. Los hoteles de Puerto de la Cruz registran una media de 60 euros, los de Almer\u00eda, de 61 euros, los de Las Palmas de Gran Canaria, de 62 euros, los de Alicante, de 71 euros, y los de Puerto del Carmen, de 73 euros. Mientras, los destinos vacacionales m\u00e1s caros del mundo est\u00e1n encabezados por M\u00f3naco, con un precio medio de 362 euros. Le siguen Capri, con 267 euros por noche, e Ibiza, que aparece en tercer lugar con 249 euros. Marbella tambi\u00e9n se encuentra entre los lugares menos econ\u00f3micos donde veranear, y ocupa el d\u00e9cimo puesto con una media de 175 euros.<\/p>\n<p><em><a href=\"maito:victoriagprado@gmail.com\" target=\"_blank\">victoriagprado@gmail.com<\/a><\/em><\/p>\n","protected":false},"excerpt":{"rendered":"<p>En agosto pr\u00f3ximo, Michoac\u00e1n estar\u00e1 de manteles largos con las tradicionales ferias en los Pueblos M\u00e1gicos de Paracho y Santa Clara del Cobre; la primera tendr\u00e1 lugar del 4 al 12 y la segunda del 6 al 17. La versi\u00f3n 39 de la Feria Internacional de la Guitarra, que se realiza en Paracho, tendr\u00e1 programa alterno de eventos culturales y art\u00edsticos, desfiles, demostraciones gastron\u00f3micas, danza, m\u00fasica, el Concurso Nacional de Ni\u00f1os Guitarristas y el Concurso Tradicional de Bandas. Paracho se caracteriza por la elaboraci\u00f3n de instrumentos de cuerda, en especial las guitarras. Nicol\u00e1s Zalapa Vargas, alcalde de Paracho, mencion\u00f3 que la fiesta que organizan es la m\u00e1s importante. <\/p>\n","protected":false},"author":3,"featured_media":0,"comment_status":"open","ping_status":"open","sticky":false,"template":"","format":"standard","meta":{"_monsterinsights_skip_tracking":false,"_monsterinsights_sitenote_active":false,"_monsterinsights_sitenote_note":"","_monsterinsights_sitenote_category":0,"footnotes":""},"categories":[11],"tags":[107,43681,106],"class_list":["post-97733","post","type-post","status-publish","format-standard","hentry","category-turismo","tag-de-cinco-estrellas","tag-turismo","tag-victoria-gonzalez-prado"],"_links":{"self":[{"href":"https:\/\/www.diarioimagen.net\/index.php?rest_route=\/wp\/v2\/posts\/97733","targetHints":{"allow":["GET"]}}],"collection":[{"href":"https:\/\/www.diarioimagen.net\/index.php?rest_route=\/wp\/v2\/posts"}],"about":[{"href":"https:\/\/www.diarioimagen.net\/index.php?rest_route=\/wp\/v2\/types\/post"}],"author":[{"embeddable":true,"href":"https:\/\/www.diarioimagen.net\/index.php?rest_route=\/wp\/v2\/users\/3"}],"replies":[{"embeddable":true,"href":"https:\/\/www.diarioimagen.net\/index.php?rest_route=%2Fwp%2Fv2%2Fcomments&post=97733"}],"version-history":[{"count":0,"href":"https:\/\/www.diarioimagen.net\/index.php?rest_route=\/wp\/v2\/posts\/97733\/revisions"}],"wp:attachment":[{"href":"https:\/\/www.diarioimagen.net\/index.php?rest_route=%2Fwp%2Fv2%2Fmedia&parent=97733"}],"wp:term":[{"taxonomy":"category","embeddable":true,"href":"https:\/\/www.diarioimagen.net\/index.php?rest_route=%2Fwp%2Fv2%2Fcategories&post=97733"},{"taxonomy":"post_tag","embeddable":true,"href":"https:\/\/www.diarioimagen.net\/index.php?rest_route=%2Fwp%2Fv2%2Ftags&post=97733"}],"curies":[{"name":"wp","href":"https:\/\/api.w.org\/{rel}","templated":true}]}}