{"id":98177,"date":"2012-07-25T00:01:08","date_gmt":"2012-07-25T05:01:08","guid":{"rendered":"http:\/\/www.diarioimagen.net\/?p=98177"},"modified":"2012-07-26T00:40:18","modified_gmt":"2012-07-26T05:40:18","slug":"los-veranos-en-aspen-llenos-de-actividades-para-toda-la-familia","status":"publish","type":"post","link":"https:\/\/www.diarioimagen.net\/?p=98177","title":{"rendered":"Los veranos en Aspen, llenos de actividades para toda la familia"},"content":{"rendered":"<h2>De cinco estrellas<\/h2>\n<h5>Victoria Gonz\u00e1lez Prado<\/h5>\n<p>&nbsp;<\/p>\n<ul>\n<li><em><strong>Iquitos, en Per\u00fa, nuevo destino de la aerol\u00ednea paname\u00f1a<\/strong><\/em><\/li>\n<li><em><strong>Nueva Orle\u00e1ns realizar\u00e1 la s\u00e9ptima versi\u00f3n del Festival COOLinary<\/strong><\/em><\/li>\n<li><em><strong>Marisabel G\u00f3mez V\u00e1zquez fue galardonada por su labor en <\/strong><\/em><strong>Viceroy Riviera Maya<\/strong><\/li>\n<li><em><strong>Tres hoteles de Canc\u00fan fueron seleccionados dentro de la lista <\/strong><\/em><strong>Expedia Insiders\u2019 Select\u00ae 2012<\/strong><\/li>\n<\/ul>\n<div id=\"attachment_98254\" style=\"width: 250px\" class=\"wp-caption alignleft\"><a class=\"highslide\" onclick=\"return vz.expand(this)\" href=\"http:\/\/www.diarioimagen.net\/wp-content\/uploads\/2012\/07\/turismo-1900.jpg\"><img loading=\"lazy\" decoding=\"async\" aria-describedby=\"caption-attachment-98254\" class=\"size-medium wp-image-98254\" title=\"turismo-1900\" src=\"http:\/\/www.diarioimagen.net\/wp-content\/uploads\/2012\/07\/turismo-1900-240x108.jpg\" alt=\"\" width=\"240\" height=\"108\" \/><\/a><p id=\"caption-attachment-98254\" class=\"wp-caption-text\">Miriam y Ana Braverman, Sharon R. Tinnes y Esther Dom\u00ednguez.<\/p><\/div>\n<p>Aspen, en Colorado, fue en otro tiempo un peque\u00f1o pueblo minero que hoy todav\u00eda conserva algo de aquella \u00e9poca donde sobresal\u00edan la arquitectura victoriana, carruajes tirados por caballos, calles empedradas y aquel ambiente del \u201cViejo Oeste\u201d.\u00a0 La ciudad est\u00e1 a 5 km del aeropuerto de Aspen y a 350 km del aeropuerto Internacional de Denver. <em>Aspen Mountain, Aspen Highlands, Buttermilk Mountain, Snowmass Ski Area<\/em>,\u00a0 equivale a 470 km de pistas para esquiar durante el invierno con escenarios imponentes y espectaculares y espectaculares monta\u00f1as, la esencia de las <em>\u201cRockies\u201d<\/em> de Colorado. Pero, para hablar del verano en Aspen, lleg\u00f3 <strong>Sharon R. Tinnes<\/strong>, representante de la C\u00e1mara de Comercio de Aspen, quien se refiri\u00f3 a los m\u00faltiples atractivos que ofrece ese destino en verano. Record\u00f3 que Aspen es una ciudad de festivales, en verano abundan <strong>los hay <\/strong>culinarios y de arte a eventos orientados a los entusiastas al aire libre, pensadores y amantes de la cultura, la m\u00fasica, la danza y el teatro. El programa completo lo puede consultar en www.aspenchamber.org. Quiz\u00e1 prefieres una caminata o un paseo en bicicleta;\u00a0 escalada en roca, observaci\u00f3n de aves, nataci\u00f3n, pesca con mosca, <em>rafting<\/em> en aguas bravas o disfrutar de <em>Camp Snowmass Aspen Camp Club o<\/em> de la monta\u00f1a, un partido de tenis, practicar yoga en la Gant, paseos a caballo, clases de cocina, excursiones de aventura, educaci\u00f3n al aire libre, roc\u00f3dromo, minigolf, visitas a las minas, ir a la Biblioteca del condado de Pitkin o recorrer las cuevas de vapor o de aguas termales. Pero tambi\u00e9n, podr\u00e1 visitar el Aspen <em>Art Museum<\/em>, charlas de arte y visitas a las galer\u00edas. Aspen, dijo\u00a0 <strong>Sharon R. Tinnes<\/strong>, tiene algo para todos.\u00a0 <em>Anderson Arts Center<\/em> est\u00e1 en <em>Snowmass,<\/em> cuenta con un lugar para los ni\u00f1os de todas las edades para dar paso a su esp\u00edritu creativo, hay talleres de fotograf\u00eda, escultura, pintura y fabricaci\u00f3n de m\u00e1scaras. Aqu\u00ed podr\u00e1s ver a los vaqueros profesionales, hay actividades para los ni\u00f1os y un zool\u00f3gico de mascotas. <strong>Walter<\/strong> e <strong>Isabel Paepke<\/strong>, fundaron el Aspen moderno y tambi\u00e9n el Aspen <em>Music Festival &amp; School<\/em> y Aspen I<em>nstitute<\/em> en 1949, dando nacimiento a la filosof\u00eda de que Aspen es el lugar perfecto para alimentar la mente, el cuerpo y el esp\u00edritu. La realidad es que hoy en Aspen se realizan eventos culturales que son la envidia de ciudades grandes. La peque\u00f1a gran ciudad cuenta con m\u00e1s de 100 restaurantes y bares, unas 200 tiendas de ropa, campos de golf\u00a0 y en cada temporada siempre hay algo nuevo, un restaurante, un hotel, una nueva actividad o un interesante festival. Aspen no te defraudar\u00e1 en verano. En la conferencia de prensa estuvieron adem\u00e1s de <strong>Sharon<\/strong>,<strong> Esther Dom\u00ednguez<\/strong>, representante de Aspen en M\u00e9xico; <strong>Miriam<\/strong> y <strong>Ana Braverman<\/strong> de Viajes <em>Holam.<\/em><\/p>\n<p>\u2730\u2730\u2730\u2730\u2730\u00a0El aeropuerto internacional \u00a0Coronel FAP <strong>Francisco Secada Vignetta<\/strong>, en Iquitos, Per\u00fa, recibi\u00f3 el pasado 14 de julio el primer vuelo directo de Panam\u00e1 en el que lleg\u00f3 el \u00a0ministro de Comercio Exterior y Turismo, <strong>Jos\u00e9 Luis Silva Martinot<\/strong>, quien, junto al presidente de Per\u00fa, <strong>Ollanta Humala<\/strong>, otras autoridades locales y representantes de la aerol\u00ednea, particip\u00f3 de la ceremonia de inauguraci\u00f3n de la nueva ruta de <em>Copa Airlines. <\/em>En su oportunidad <strong>Pedro Heilbron<\/strong>, presidente de la aerol\u00ednea indic\u00f3: \u201cEstamos convencidos, de que la conectividad es uno de los pilares para el desarrollo de los pueblos. Por ello, vamos a trabajar como una unidad con el gobierno y desarrollar planes, que nos permitan seguir creciendo la operaci\u00f3n en el pa\u00eds\u201d, se\u00f1al\u00f3 el presidente ejecutivo de la compa\u00f1\u00eda. Por su parte, el ministro de Comercio y Turismo asegur\u00f3 que la nueva ruta contribuye de manera decisiva con el objetivo de lograr mayor conectividad del Per\u00fa con los principales mercados de emisi\u00f3n de turistas. Todo ello con el fin de alcanzar la meta de recibir para el 2016 m\u00e1s de 3.6 millones de turistas internacionales. Record\u00f3 que a pesar de la crisis internacional, en 2011, Per\u00fa creci\u00f3 el triple que en el resto del mundo. As\u00ed, la llegada de turistas internacionales se increment\u00f3 en 13% durante ese mismo a\u00f1o, alcanzando los 2 millones 597 mil 803 visitantes. En cambio, el promedio mundial s\u00f3lo alcanz\u00f3 un\u00a0 4%.<strong> <\/strong>El vuelo tendr\u00e1 dos frecuencias semanales: mi\u00e9rcoles y \u00a0s\u00e1bados de Panam\u00e1 a Iquitos sale a las 11:36 horas y de regreso a las 14:59 horas. Durante el primer a\u00f1o se\u00a0 proyecta movilizar aproximadamente a 5 mil pasajeros entre viajeros de negocios y turistas internacionales.<\/p>\n<p>\u2730\u2730\u2730\u2730\u2730\u00a0Por s\u00e9ptimo a\u00f1o consecutivo la ciudad de Nueva Orle\u00e1ns se viste de manteles largos para la realizaci\u00f3n de la s\u00e9ptima versi\u00f3n del Festival <em>COOLinary,<\/em> durante el mes de agosto. Prestigiados chefs preparar\u00e1n sus mejores creaciones en los 35 restaurantes participantes y habr\u00e1 almuerzos de dos o tres tiempos por 20 d\u00f3lares o menos; comidas y cenas de tres tiempos por 35 d\u00f3lares o menos. <em>COOLinary,<\/em> celebra lo mejor de la aut\u00e9ntica cocina de Nueva Orle\u00e1ns, pero adem\u00e1s durante este verano puedes aprovechar las tarifas en hoteles y hacer de tus vacaciones una experiencia memorable. <strong>Kim Priez<\/strong>, vicepresidenta de <em>Tourism Sales<\/em> para la Oficina de Convenciones y Visitantes de Nueva Orle\u00e1ns, dice: \u201cLa comida es una parte importante de la identidad de esta ciudad. Durante los \u00faltimos a\u00f1os, <em>COOLinary <\/em>ha hecho una invitaci\u00f3n especial a los visitantes para que coman en los restaurantes m\u00e1s c\u00e9lebres y populares para disfrutar la cocina de nuestros chefs m\u00e1s reconocidos con premios internacionales, y que obtienen su inspiraci\u00f3n de los productos que obtienen a nivel local, en Louisiana\u201d. Visita: www.coolinaryneworleans.com para obtener la lista actualizada de restaurantes participantes y conocer m\u00e1s sobre la inmejorable propuesta culinaria que plantea en este festival la ciudad de Nueva Orle\u00e1ns a sus visitantes. Tambi\u00e9n estar\u00e1 disponible la informaci\u00f3n de todas las promociones especiales as\u00ed como la descripci\u00f3n de los men\u00fas disponibles en cada uno de los restaurantes.<\/p>\n<p>\u2730\u2730\u2730\u2730\u2730\u00a0<strong>Marisabel G\u00f3mez V\u00e1zquez<\/strong>, de Arquitectura de Interiores, fue galardonada con la medalla del V Foro Iberoamericano de las Mujeres en la Arquitectura y el Dise\u00f1o de Interiores, por su destacada labor en Viceroy Riviera Maya durante la Gala Iberoamericana de Premiaciones del CIDI 2012. El inmueble en la Riviera Maya puso los toques finales a una importante renovaci\u00f3n en enero del 2012, que transform\u00f3 completamente el resort, a\u00f1adiendo\u00a0 espectaculares villas nuevas, un nuevo restaurante grill en la playa, un gimnasio y el lobby. Con estas mejoras, la propiedad se convirti\u00f3 en parte del portafolio de los hoteles y resorts de Grupo Viceroy, antes fue <em>The Tides<\/em>\u00a0 Riviera Maya.<\/p>\n<p>\u2730\u2730\u2730\u2730\u2730\u00a0Tres hoteles de Canc\u00fan fueron seleccionados dentro de la lista <em>Expedia Insiders\u2019 Select\u00ae 2012<\/em>. El <em>Westin Lagunamar Ocean Resort,<\/em> <em>Live Aqua<\/em> Canc\u00fan y <em>The Royal<\/em> Canc\u00fan est\u00e1n dentro de los mejores 100 hoteles, seg\u00fan los cr\u00edticos. Con las posiciones 35, 49 y 57, respectivamente, estas propiedades de Canc\u00fan fueron seleccionadas entre m\u00e1s de 150 mil\u00a0\u00a0 disponibles alrededor del mundo, as\u00ed lo dio a conocer la Oficina de Visitantes y Convenciones de Canc\u00fan (OVC). La lista <em>Insiders\u2019 Select<\/em> refleja la opini\u00f3n de m\u00e1s de 500 mil comentarios de los clientes de <em>Expedia <\/em>recibidas durante el a\u00f1o 2011, en conjunto con un \u00edndice valorativo y la experiencia en el mercado local de m\u00e1s de 650 empleados de <em>Expedia.<\/em>. <em>Insiders\u2019 Select<\/em> es una herramienta\u00a0 de f\u00e1cil acceso que ayuda a los viajeros a encontrar el hotel perfecto, con confianza en la experiencia que han tenido los visitantes anteriores. Otras propiedades de Canc\u00fan que se ganaron un lugar en la lista son: Fiesta Americana <em>Grand Coral Beach<\/em> <em>Canc\u00fan Resort &amp; Spa,<\/em> <em>Grand Park Royal<\/em> Canc\u00fan Caribe, <em>The Royal Canc\u00fan All Inclusive &amp; Resort <\/em>y el Fiesta Americana Condesa. En Isla Mujeres y Puerto Morelos, las cuales forman parte de Canc\u00fan y los Tesoros del Caribe destacan en la lista:\u00a0\u00a0 <em>Privilege Aluxes<\/em> Isla Mujeres, Hotel <em>Villa Rolandi Thalasso Spa-Gourmet &amp; Beach Club<\/em>, La Amada Hotel Playa Mujeres y <em>Excellence<\/em> Playa Mujeres. De Puerto Morelos: <em>Excellence <\/em>Riviera Canc\u00fan y\u00a0 <em>Dreams <\/em>Riviera Canc\u00fan <em>Resort &amp; Spa. <\/em>M\u00e1s informaci\u00f3n visita: <a href=\"http:\/\/www.expedia.com\/insidersselect\" target=\"_blank\">http:\/\/www.expedia.com\/insidersselect<\/a><\/p>\n<p style=\"text-align: left;\" align=\"right\"><em><a href=\"maito:victoriagprado@gmail.com\" target=\"_blank\">victoriagprado@gmail.com<\/a><\/em><\/p>\n","protected":false},"excerpt":{"rendered":"<p>Aspen, en Colorado, fue en otro tiempo un peque\u00f1o pueblo minero que hoy todav\u00eda conserva algo de aquella \u00e9poca donde sobresal\u00edan la arquitectura victoriana, carruajes tirados por caballos, calles empedradas y aquel ambiente del \u201cViejo Oeste\u201d. <\/p>\n","protected":false},"author":3,"featured_media":0,"comment_status":"open","ping_status":"open","sticky":false,"template":"","format":"standard","meta":{"_monsterinsights_skip_tracking":false,"_monsterinsights_sitenote_active":false,"_monsterinsights_sitenote_note":"","_monsterinsights_sitenote_category":0,"footnotes":""},"categories":[11],"tags":[107,43681,106],"class_list":["post-98177","post","type-post","status-publish","format-standard","hentry","category-turismo","tag-de-cinco-estrellas","tag-turismo","tag-victoria-gonzalez-prado"],"_links":{"self":[{"href":"https:\/\/www.diarioimagen.net\/index.php?rest_route=\/wp\/v2\/posts\/98177","targetHints":{"allow":["GET"]}}],"collection":[{"href":"https:\/\/www.diarioimagen.net\/index.php?rest_route=\/wp\/v2\/posts"}],"about":[{"href":"https:\/\/www.diarioimagen.net\/index.php?rest_route=\/wp\/v2\/types\/post"}],"author":[{"embeddable":true,"href":"https:\/\/www.diarioimagen.net\/index.php?rest_route=\/wp\/v2\/users\/3"}],"replies":[{"embeddable":true,"href":"https:\/\/www.diarioimagen.net\/index.php?rest_route=%2Fwp%2Fv2%2Fcomments&post=98177"}],"version-history":[{"count":0,"href":"https:\/\/www.diarioimagen.net\/index.php?rest_route=\/wp\/v2\/posts\/98177\/revisions"}],"wp:attachment":[{"href":"https:\/\/www.diarioimagen.net\/index.php?rest_route=%2Fwp%2Fv2%2Fmedia&parent=98177"}],"wp:term":[{"taxonomy":"category","embeddable":true,"href":"https:\/\/www.diarioimagen.net\/index.php?rest_route=%2Fwp%2Fv2%2Fcategories&post=98177"},{"taxonomy":"post_tag","embeddable":true,"href":"https:\/\/www.diarioimagen.net\/index.php?rest_route=%2Fwp%2Fv2%2Ftags&post=98177"}],"curies":[{"name":"wp","href":"https:\/\/api.w.org\/{rel}","templated":true}]}}