{"id":99139,"date":"2012-08-02T00:08:24","date_gmt":"2012-08-02T05:08:24","guid":{"rendered":"http:\/\/www.diarioimagen.net\/?p=99139"},"modified":"2012-08-02T02:35:57","modified_gmt":"2012-08-02T07:35:57","slug":"derechos-humanos-de-huixquilucan-entrega-informe-por-escrito-al-cabildo","status":"publish","type":"post","link":"https:\/\/www.diarioimagen.net\/?p=99139","title":{"rendered":"Derechos Humanos de Huixquilucan entrega informe al cabildo"},"content":{"rendered":"<ul>\n<li><strong><em>Alfredo del Mazo presidi\u00f3 la sesi\u00f3n<\/em><\/strong><\/li>\n<\/ul>\n<div id=\"attachment_99182\" style=\"width: 250px\" class=\"wp-caption alignleft\"><a class=\"highslide\" onclick=\"return vz.expand(this)\" href=\"http:\/\/www.diarioimagen.net\/wp-content\/uploads\/2012\/08\/HUIXQUILUCAN-1906.jpg\"><img loading=\"lazy\" decoding=\"async\" aria-describedby=\"caption-attachment-99182\" class=\"size-medium wp-image-99182\" title=\"HUIXQUILUCAN-1906\" src=\"http:\/\/www.diarioimagen.net\/wp-content\/uploads\/2012\/08\/HUIXQUILUCAN-1906-240x119.jpg\" alt=\"\" width=\"240\" height=\"119\" \/><\/a><p id=\"caption-attachment-99182\" class=\"wp-caption-text\">Los miembros de la Comisi\u00f3n Municipal de Derechos Humanos rindieron un informe al cabildo de Huixquilucan.<\/p><\/div>\n<p>El cabildo de Huixquilucan recibi\u00f3 por escrito el informe anual de la Defensor\u00eda Municipal de Derechos Humanos donde se destac\u00f3 una reducci\u00f3n en el n\u00famero de quejas captadas por el organismo de 53 en 2011 a 38 en lo que va del presente a\u00f1o.<\/p>\n<p>Durante la Sexag\u00e9sima Sexta Sesi\u00f3n Ordinaria de Cabildo donde se conoci\u00f3 el informe respectivo por parte de este pleno seg\u00fan lo marca el art\u00edculo 147, inciso M, de la Ley Org\u00e1nica Municipal del Estado de M\u00e9xico, el Alcalde Alfredo Del Mazo Maza explic\u00f3 que se ha colaborado con este organismo que encabeza Faustino Zavala para ampliar el n\u00famero de pl\u00e1ticas, talleres y asesor\u00edas a la poblaci\u00f3n huixquiluquense en general.<\/p>\n<p>Del Mazo Maza reiter\u00f3 que es una prioridad en su gobierno el pleno respeto y defensa de los derechos humanos porque es una condici\u00f3n de la democracia. Especialmente se busca que la ciudadan\u00eda conozca sus derechos y los haga valer frente a la autoridad.<\/p>\n<p>El Edil destac\u00f3 que es importante conocer que han disminuido las denuncias respecto a las violaciones a derechos humanos en todos los rubros, pues de 58 que se registraron el a\u00f1o pasado, ahora se conocen de 38 quejas en lo que va del a\u00f1o, lo que refleja que han funcionado las acciones y asesor\u00edas entre la ciudadan\u00eda, alumnos, padres de familia y maestros.<\/p>\n<p>La autoridad municipal, dijo, est\u00e1 al pendiente de brindar atenci\u00f3n inmediata en caso de \u201cbullying\u201d, adem\u00e1s de la prevenci\u00f3n mediante la capacitaci\u00f3n y asesor\u00edas a autoridades auxiliares, asociaciones de colonos y a funcionarios de seguridad p\u00fablica y protecci\u00f3n civil, generando una mayor conciencia de respeto por los derechos humanos.<\/p>\n","protected":false},"excerpt":{"rendered":"<p>El cabildo de Huixquilucan recibi\u00f3 por escrito el informe anual de la<\/p>\n","protected":false},"author":3,"featured_media":0,"comment_status":"open","ping_status":"open","sticky":false,"template":"","format":"standard","meta":{"_monsterinsights_skip_tracking":false,"_monsterinsights_sitenote_active":false,"_monsterinsights_sitenote_note":"","_monsterinsights_sitenote_category":0,"footnotes":""},"categories":[5],"tags":[43675,1097],"class_list":["post-99139","post","type-post","status-publish","format-standard","hentry","category-estado-de-mexico","tag-estado-de-mexico","tag-huixquilucan"],"_links":{"self":[{"href":"https:\/\/www.diarioimagen.net\/index.php?rest_route=\/wp\/v2\/posts\/99139","targetHints":{"allow":["GET"]}}],"collection":[{"href":"https:\/\/www.diarioimagen.net\/index.php?rest_route=\/wp\/v2\/posts"}],"about":[{"href":"https:\/\/www.diarioimagen.net\/index.php?rest_route=\/wp\/v2\/types\/post"}],"author":[{"embeddable":true,"href":"https:\/\/www.diarioimagen.net\/index.php?rest_route=\/wp\/v2\/users\/3"}],"replies":[{"embeddable":true,"href":"https:\/\/www.diarioimagen.net\/index.php?rest_route=%2Fwp%2Fv2%2Fcomments&post=99139"}],"version-history":[{"count":0,"href":"https:\/\/www.diarioimagen.net\/index.php?rest_route=\/wp\/v2\/posts\/99139\/revisions"}],"wp:attachment":[{"href":"https:\/\/www.diarioimagen.net\/index.php?rest_route=%2Fwp%2Fv2%2Fmedia&parent=99139"}],"wp:term":[{"taxonomy":"category","embeddable":true,"href":"https:\/\/www.diarioimagen.net\/index.php?rest_route=%2Fwp%2Fv2%2Fcategories&post=99139"},{"taxonomy":"post_tag","embeddable":true,"href":"https:\/\/www.diarioimagen.net\/index.php?rest_route=%2Fwp%2Fv2%2Ftags&post=99139"}],"curies":[{"name":"wp","href":"https:\/\/api.w.org\/{rel}","templated":true}]}}