{"id":99313,"date":"2012-08-03T00:09:07","date_gmt":"2012-08-03T05:09:07","guid":{"rendered":"http:\/\/www.diarioimagen.net\/?p=99313"},"modified":"2012-08-03T02:59:45","modified_gmt":"2012-08-03T07:59:45","slug":"eav-aplaude-que-ciudadanos-esten-en-consejo-nacional-de-seguridad","status":"publish","type":"post","link":"https:\/\/www.diarioimagen.net\/?p=99313","title":{"rendered":"EAV aplaude que ciudadanos est\u00e9n en Consejo Nacional de Seguridad"},"content":{"rendered":"<ul>\n<li><strong><em>Considera que los aportes, cr\u00edticas y propuestas de la sociedad civil ser\u00e1n importantes para continuar con el combate a la delincuencia organizada<\/em><\/strong><\/li>\n<\/ul>\n<div id=\"attachment_99364\" style=\"width: 250px\" class=\"wp-caption alignleft\"><a class=\"highslide\" onclick=\"return vz.expand(this)\" href=\"http:\/\/www.diarioimagen.net\/wp-content\/uploads\/2012\/08\/eruviel-1907.jpg\"><img loading=\"lazy\" decoding=\"async\" aria-describedby=\"caption-attachment-99364\" class=\"size-medium wp-image-99364\" title=\"eruviel-1907\" src=\"http:\/\/www.diarioimagen.net\/wp-content\/uploads\/2012\/08\/eruviel-1907-240x109.jpg\" alt=\"\" width=\"240\" height=\"109\" \/><\/a><p id=\"caption-attachment-99364\" class=\"wp-caption-text\">El gobernador Eruviel \u00c1vila Villegas afirm\u00f3 que se han fincado cimientos muy importantes en la actual administraci\u00f3n federal, por lo que el gobierno del Estado de M\u00e9xico pondr\u00e1 su granito de arena para que haya continuidad y se puedan fortalecer los trabajos para dar seguridad a la sociedad mexicana.<\/p><\/div>\n<p>El gobernador del Estado de M\u00e9xico, Eruviel \u00c1vila, salud\u00f3 el hecho de que ayer se hayan incorporado ciudadanos al Consejo Nacional de Seguridad P\u00fablica y consider\u00f3 que sus aportes ser\u00e1n importantes para continuar combatiendo al crimen organizado.<\/p>\n<p>\u201cCelebro que se incorporen mujeres y hombres, ciudadanos que han hecho mucho bien al pa\u00eds y que hoy este Consejo Nacional se habr\u00e1 de enriquecer con sus aportaciones, con sus cr\u00edticas, con sus propuestas, con sus an\u00e1lisis, as\u00ed es que es un logro muy importante\u201d, dijo al ser entrevistado al t\u00e9rmino de la XXXIII Sesi\u00f3n del Consejo Nacional de Seguridad P\u00fablica (CNSP) celebrada en Palacio Nacional.<\/p>\n<p>El gobernador mexiquense se\u00f1al\u00f3 que hay una diferencia abismal entre los sueldos de los polic\u00edas, por lo que se pronunci\u00f3 por apoyarles y darles las herramientas y est\u00edmulos para que puedan hacer mejor su trabajo.<\/p>\n<p>\u201cEs un tema que desde hace tiempo en lo particular hab\u00eda impulsado, qu\u00e9 bueno que hoy se formaliz\u00f3, que formalmente se propuso en la mesa, y desde luego que lo apoyamos\u201d, manifest\u00f3.<\/p>\n<p>Sobre los ataques sufridos en tiendas Soriana, asever\u00f3 que \u201chay que aplicar la ley y no podemos atentar en contra de quienes generan empleos, contra quienes aportan a la econom\u00eda del pa\u00eds, sea la empresa que sea, siempre hay que respaldar a las empresas serias, insisto, que generan empleos y que apoyan la econom\u00eda de toda la regi\u00f3n, de todo el pa\u00eds\u201d.<\/p>\n<p>Sobre la limpieza de los cuerpos policiacos, se\u00f1al\u00f3 que \u201cel tema de control de confianza contin\u00faa siendo un tema muy \u00e1lgido, es un tema donde no debemos bajar la guardia, necesitamos aplicar controles de confianza, dar de baja a quienes no sean aptos, es muy necesario y tambi\u00e9n estimular, con mejores sueldos, con vivienda, con est\u00edmulos, con premios\u201d.<\/p>\n<p>Al respecto, se\u00f1al\u00f3 que \u201chace unas semanas di a conocer un sistema de premios y est\u00edmulos en el Estado de M\u00e9xico, es parte de la pol\u00edtica estatal\u201d.<\/p>\n<p>Acerca de los avances de su administraci\u00f3n en materia de seguridad, Eruviel \u00c1vila coment\u00f3 que lleva nueve narcolaboratorios desmantelados en coordinaci\u00f3n con la Polic\u00eda Federal y el Ej\u00e9rcito.<\/p>\n<p>\u201cAcabamos de firmar un convenio con la PGR hace un par de d\u00edas, con la procuradora general de la Rep\u00fablica, as\u00ed es que estamos trabajando de la mano con la autoridad federal y tambi\u00e9n con la instancia municipal\u201d, indic\u00f3.<\/p>\n<p>El mandatario mexiquense afirm\u00f3 que se ha avanzado en la lucha contra el crimen, pero \u201cno nos vamos a confiar, no podemos echar las campanas al vuelo, de ninguna manera; al contrario, la cifra en la disminucip\u00f3n de homicidios nos debe motivar para trabajar m\u00e1s seriamente y trabajando unidos, como estamos aqu\u00ed la instancia federal, los gobernadores de los estados en un solo equipo combatiendo la delincuencia\u201d.<\/p>\n<p>Afirm\u00f3 que \u201cse han fincado cimientos muy importantes en la actual administraci\u00f3n federal, con este Consejo Nacional de Seguridad, que por cierto form\u00f3 parte del mismo el actual Presidente de la Rep\u00fablica electo, as\u00ed es que esto habr\u00e1 de continuar y yo pondr\u00e9 mi grano de arena para que haya continuidad y podamos fortalecer estos trabajos\u201d.<\/p>\n","protected":false},"excerpt":{"rendered":"<p>El gobernador del Estado de M\u00e9xico, Eruviel \u00c1vila, salud\u00f3 el hecho de que ayer se hayan incorporado ciudadanos al Consejo Nacional de Seguridad P\u00fablica y consider\u00f3 que sus aportes ser\u00e1n importantes para continuar combatiendo al crimen organizado.<\/p>\n","protected":false},"author":3,"featured_media":0,"comment_status":"open","ping_status":"open","sticky":false,"template":"","format":"standard","meta":{"_monsterinsights_skip_tracking":false,"_monsterinsights_sitenote_active":false,"_monsterinsights_sitenote_note":"","_monsterinsights_sitenote_category":0,"footnotes":""},"categories":[5],"tags":[8043,5828,43675],"class_list":["post-99313","post","type-post","status-publish","format-standard","hentry","category-estado-de-mexico","tag-consejo-nacional-de-seguridad-publica","tag-eruviel-avila-villegas","tag-estado-de-mexico"],"_links":{"self":[{"href":"https:\/\/www.diarioimagen.net\/index.php?rest_route=\/wp\/v2\/posts\/99313","targetHints":{"allow":["GET"]}}],"collection":[{"href":"https:\/\/www.diarioimagen.net\/index.php?rest_route=\/wp\/v2\/posts"}],"about":[{"href":"https:\/\/www.diarioimagen.net\/index.php?rest_route=\/wp\/v2\/types\/post"}],"author":[{"embeddable":true,"href":"https:\/\/www.diarioimagen.net\/index.php?rest_route=\/wp\/v2\/users\/3"}],"replies":[{"embeddable":true,"href":"https:\/\/www.diarioimagen.net\/index.php?rest_route=%2Fwp%2Fv2%2Fcomments&post=99313"}],"version-history":[{"count":0,"href":"https:\/\/www.diarioimagen.net\/index.php?rest_route=\/wp\/v2\/posts\/99313\/revisions"}],"wp:attachment":[{"href":"https:\/\/www.diarioimagen.net\/index.php?rest_route=%2Fwp%2Fv2%2Fmedia&parent=99313"}],"wp:term":[{"taxonomy":"category","embeddable":true,"href":"https:\/\/www.diarioimagen.net\/index.php?rest_route=%2Fwp%2Fv2%2Fcategories&post=99313"},{"taxonomy":"post_tag","embeddable":true,"href":"https:\/\/www.diarioimagen.net\/index.php?rest_route=%2Fwp%2Fv2%2Ftags&post=99313"}],"curies":[{"name":"wp","href":"https:\/\/api.w.org\/{rel}","templated":true}]}}