{"id":99315,"date":"2012-08-03T00:08:35","date_gmt":"2012-08-03T05:08:35","guid":{"rendered":"http:\/\/www.diarioimagen.net\/?p=99315"},"modified":"2012-08-03T03:02:05","modified_gmt":"2012-08-03T08:02:05","slug":"cae-lider-de-la-familia-michoacana-en-edomex","status":"publish","type":"post","link":"https:\/\/www.diarioimagen.net\/?p=99315","title":{"rendered":"Cae l\u00edder de \u201cLa Familia Michoacana\u201d en Edomex"},"content":{"rendered":"<ul>\n<li><strong><em>Juan Carlos Mu\u00f1oz Vargas es acusado de delincuencia organizada, delitos contra la salud, extorsi\u00f3n y homicidio<\/em><\/strong><\/li>\n<\/ul>\n<div id=\"attachment_99366\" style=\"width: 250px\" class=\"wp-caption alignleft\"><a class=\"highslide\" onclick=\"return vz.expand(this)\" href=\"http:\/\/www.diarioimagen.net\/wp-content\/uploads\/2012\/08\/procurador-1907.jpg\"><img loading=\"lazy\" decoding=\"async\" aria-describedby=\"caption-attachment-99366\" class=\"size-medium wp-image-99366\" title=\"procurador-1907\" src=\"http:\/\/www.diarioimagen.net\/wp-content\/uploads\/2012\/08\/procurador-1907-240x127.jpg\" alt=\"\" width=\"240\" height=\"127\" \/><\/a><p id=\"caption-attachment-99366\" class=\"wp-caption-text\">El procurador del Estado de M\u00e9xico, Alfredo Castillo Cervantes, dio a conocer los pormenores del golpe a \u201cLa Familia Michoacana\u201d.<\/p><\/div>\n<p><strong>Toluca, Estado de M\u00e9xico<\/strong>.- El procurador de Justicia del Edomex, Alfredo Castillo, inform\u00f3 que detuvieron a Juan Carlos Mu\u00f1oz Vargas \u201cEl Pariente\u201d, de 36 a\u00f1os de edad, uno de los jefes de plaza de la organizaci\u00f3n criminal \u201cLa Familia Michoacana\u201d.<\/p>\n<p>\u201cLa detenci\u00f3n de una de las personas m\u00e1s buscadas por parte de la Procuradur\u00eda General de Justicia del Estado de M\u00e9xico es Juan Carlos Mu\u00f1oz Vargas\u00a0 \u2018El Pariente\u2019, de 36 a\u00f1os de edad. Una persona que se le buscaba por delincuencia organizada, delitos contra la salud, homicidio, extorsi\u00f3n\u201d, indic\u00f3.<\/p>\n<p>El titular de la Procuradur\u00eda de Justicia estatal detall\u00f3 que Mu\u00f1oz Vargas fue aprehendido cuando circulaba sobre Paseo Tollocan, en Toluca.<\/p>\n<p>El presunto malhechor, quien est\u00e1 ligado a 23 asesinatos, desde el 2009, controlaba la venta de droga en diversos municipios como Nezahualc\u00f3yotl, Chimalhuac\u00e1n y Texcoco, Los Reyes La Paz y San Vicente Chicoloapan\u201d, detall\u00f3 Castillo.<\/p>\n<p>Adem\u00e1s, el titular de la PGJEM explic\u00f3 que Mu\u00f1oz Vargas extorsion\u00f3 a varios hombres de negocios.<\/p>\n<p>\u201cEl hoy detenido tambi\u00e9n se\u00f1al\u00f3 haber extorsionado a empresarios de la Feria de Texcoco a quienes les exigi\u00f3 un monto de 2 millones de pesos a cambio de no molestarlos\u201d, dijo el funcionario mexiquense. Adem\u00e1s, las autoridades aseguraron una granada de fragmentaci\u00f3n, una subametralladora, un veh\u00edculo y m\u00e1s de 9 tel\u00e9fonos celulares.<\/p>\n","protected":false},"excerpt":{"rendered":"<p>El procurador de Justicia del Edomex, Alfredo Castillo, inform\u00f3 que detuvieron a Juan Carlos Mu\u00f1oz Vargas<\/p>\n","protected":false},"author":3,"featured_media":0,"comment_status":"open","ping_status":"open","sticky":false,"template":"","format":"standard","meta":{"_monsterinsights_skip_tracking":false,"_monsterinsights_sitenote_active":false,"_monsterinsights_sitenote_note":"","_monsterinsights_sitenote_category":0,"footnotes":""},"categories":[5],"tags":[7564,43675,1661,452],"class_list":["post-99315","post","type-post","status-publish","format-standard","hentry","category-estado-de-mexico","tag-alfredo-castillo-cervantes","tag-estado-de-mexico","tag-la-familia-michoacana","tag-toluca"],"_links":{"self":[{"href":"https:\/\/www.diarioimagen.net\/index.php?rest_route=\/wp\/v2\/posts\/99315","targetHints":{"allow":["GET"]}}],"collection":[{"href":"https:\/\/www.diarioimagen.net\/index.php?rest_route=\/wp\/v2\/posts"}],"about":[{"href":"https:\/\/www.diarioimagen.net\/index.php?rest_route=\/wp\/v2\/types\/post"}],"author":[{"embeddable":true,"href":"https:\/\/www.diarioimagen.net\/index.php?rest_route=\/wp\/v2\/users\/3"}],"replies":[{"embeddable":true,"href":"https:\/\/www.diarioimagen.net\/index.php?rest_route=%2Fwp%2Fv2%2Fcomments&post=99315"}],"version-history":[{"count":0,"href":"https:\/\/www.diarioimagen.net\/index.php?rest_route=\/wp\/v2\/posts\/99315\/revisions"}],"wp:attachment":[{"href":"https:\/\/www.diarioimagen.net\/index.php?rest_route=%2Fwp%2Fv2%2Fmedia&parent=99315"}],"wp:term":[{"taxonomy":"category","embeddable":true,"href":"https:\/\/www.diarioimagen.net\/index.php?rest_route=%2Fwp%2Fv2%2Fcategories&post=99315"},{"taxonomy":"post_tag","embeddable":true,"href":"https:\/\/www.diarioimagen.net\/index.php?rest_route=%2Fwp%2Fv2%2Ftags&post=99315"}],"curies":[{"name":"wp","href":"https:\/\/api.w.org\/{rel}","templated":true}]}}