{"id":99402,"date":"2012-08-06T00:09:53","date_gmt":"2012-08-06T05:09:53","guid":{"rendered":"http:\/\/www.diarioimagen.net\/?p=99402"},"modified":"2012-08-06T02:27:18","modified_gmt":"2012-08-06T07:27:18","slug":"eav-anuncia-programa-integral-de-atencion-a-pueblos-magicos","status":"publish","type":"post","link":"https:\/\/www.diarioimagen.net\/?p=99402","title":{"rendered":"EAV anuncia programa integral de atenci\u00f3n a Pueblos M\u00e1gicos"},"content":{"rendered":"<ul>\n<li><em><strong>Incluir\u00e1 acciones en los rubros de seguridad y mejoramiento urbano, para impulsar el turismo y fomentar el comercio<\/strong><\/em><\/li>\n<\/ul>\n<div id=\"attachment_99473\" style=\"width: 250px\" class=\"wp-caption alignleft\"><a class=\"highslide\" onclick=\"return vz.expand(this)\" href=\"http:\/\/www.diarioimagen.net\/wp-content\/uploads\/2012\/08\/eruviel-1908.jpg\"><img loading=\"lazy\" decoding=\"async\" aria-describedby=\"caption-attachment-99473\" class=\"size-medium wp-image-99473\" title=\"eruviel-1908\" src=\"http:\/\/www.diarioimagen.net\/wp-content\/uploads\/2012\/08\/eruviel-1908-240x114.jpg\" alt=\"\" width=\"240\" height=\"114\" \/><\/a><p id=\"caption-attachment-99473\" class=\"wp-caption-text\">El gobernador Eruviel \u00c1vila Villegas anunci\u00f3 ayer el programa integral de atenci\u00f3n a Pueblos M\u00e1gicos, categor\u00eda en la que se encuentran Malinalco, Valle de Bravo, Tepotzotl\u00e1n y El Oro.<\/p><\/div>\n<p><strong>Malinalco, Estado de M\u00e9xico<\/strong>.- El gobernador Eruviel \u00c1vila Villegas dio a conocer que su gobierno implementar\u00e1 un programa integral de atenci\u00f3n a los Pueblos M\u00e1gicos de la entidad, donde se atender\u00e1n rubros de seguridad y mejoramiento urbano, con el prop\u00f3sito de impulsar el turismo y con ello contribuir a generar recursos econ\u00f3micos y fomentar el comercio.<\/p>\n<p>Detall\u00f3 que en esta localidad, que cuenta con esta categor\u00eda desde 2010, ya se est\u00e1 licitando la obra para realizar el cableado subterr\u00e1neo en la cabecera municipal, con el objetivo de eliminar los postes que hay actualmente, y as\u00ed, disfrutar mejor de los paisajes y belleza arquitect\u00f3nica del lugar.<\/p>\n<p>Adem\u00e1s, dentro de este proyecto se impulsar\u00e1 la instalaci\u00f3n de c\u00e1maras de video en las zonas tur\u00edsticas y accesos del municipio, para que los habitantes y visitantes tengan seguridad y tranquilidad.<\/p>\n<p>Por ello, expuso, en breve la Secretar\u00eda de Turismo estatal iniciar\u00e1 los trabajos de coordinaci\u00f3n necesaria, tanto con las autoridades municipales de Malinalco, Valle de Bravo, Tepotzotl\u00e1n y El Oro, as\u00ed como con los integrantes de los Consejos de los Pueblos M\u00e1gicos, para concretarlo.<\/p>\n<p>Todo esto, al inaugurar la rehabilitaci\u00f3n del puente \u201cBlanco\u201d, y la construcci\u00f3n del puente Lateral Nuevo, de San Pedro Chichicaso, obras en las que se invirti\u00f3 un total de 12.5 millones de pesos, y con lo se cumple un compromiso que Eruviel \u00c1vila realiz\u00f3 al hacer una gira de trabajo en este municipio durante su primera semana como gobernador.<\/p>\n<p>En el caso de la primera obra, que beneficia a 80 mil habitantes, fue edificada luego que el anterior puente, que ten\u00eda casi 60 a\u00f1os de antig\u00fcedad, se derrumb\u00f3 el a\u00f1o pasado a causa de las lluvias, afectando la comunicaci\u00f3n de la poblaci\u00f3n con otras comunidades mexiquenses e incluso del estado de Morelos, con quien colindan.<\/p>\n<p>Apolinar Mena Vargas, secretario de Comunicaciones, explic\u00f3 que el puente es una alternativa vial m\u00e1s segura para el traslado de personas, comercializaci\u00f3n de productos, as\u00ed como para el turismo creciente de la zona, que propicia la circulaci\u00f3n de un promedio de 2 mil veh\u00edculos los fines de semana.<\/p>\n<p>Detall\u00f3 que luego del derrumbe del puente, se construy\u00f3 un muro, se repuso el pavimento, el barandal y se habilit\u00f3 un paso peatonal provisional.<\/p>\n<p>Posteriormente se rehabilit\u00f3 y construy\u00f3 un camino nuevo, con estribos de concreto, se colocaron siete trabes de acero de 1.50 metros de peralte y un claro de 29 metros, lozas de concreto reforzado, banqueta, parapeto met\u00e1lico y pavimento, adem\u00e1s de equipar la obra con se\u00f1alamientos horizontal y vertical.<\/p>\n<p>Por otra parte, respecto de la llamada \u201ccurva del diablo\u201d, donde se han registrado diversos accidentes, ubicada en San Sebasti\u00e1n Malinalco y que conduce al Santuario de Chalma, el gobernador Eruviel \u00c1vila indic\u00f3 que la Secretar\u00eda de Comunicaciones trabaja en las adecuaciones t\u00e9cnicas para que se corrija el trazo, obra que se prev\u00e9 concluirla en el pr\u00f3ximo mes de noviembre.<\/p>\n","protected":false},"excerpt":{"rendered":"<p>El gobernador Eruviel \u00c1vila Villegas dio a conocer que su gobierno implementar\u00e1 un programa integral de atenci\u00f3n a los Pueblos M\u00e1gicos de la entidad, donde se atender\u00e1n rubros de seguridad y mejoramiento urbano, con el prop\u00f3sito de impulsar el turismo y con ello contribuir a generar recursos econ\u00f3micos y fomentar el comercio.<\/p>\n","protected":false},"author":3,"featured_media":0,"comment_status":"open","ping_status":"open","sticky":false,"template":"","format":"standard","meta":{"_monsterinsights_skip_tracking":false,"_monsterinsights_sitenote_active":false,"_monsterinsights_sitenote_note":"","_monsterinsights_sitenote_category":0,"footnotes":""},"categories":[5],"tags":[24291,5828,43675,4975,22222],"class_list":["post-99402","post","type-post","status-publish","format-standard","hentry","category-estado-de-mexico","tag-comercio","tag-eruviel-avila-villegas","tag-estado-de-mexico","tag-malinalco","tag-pueblos-magicos"],"_links":{"self":[{"href":"https:\/\/www.diarioimagen.net\/index.php?rest_route=\/wp\/v2\/posts\/99402","targetHints":{"allow":["GET"]}}],"collection":[{"href":"https:\/\/www.diarioimagen.net\/index.php?rest_route=\/wp\/v2\/posts"}],"about":[{"href":"https:\/\/www.diarioimagen.net\/index.php?rest_route=\/wp\/v2\/types\/post"}],"author":[{"embeddable":true,"href":"https:\/\/www.diarioimagen.net\/index.php?rest_route=\/wp\/v2\/users\/3"}],"replies":[{"embeddable":true,"href":"https:\/\/www.diarioimagen.net\/index.php?rest_route=%2Fwp%2Fv2%2Fcomments&post=99402"}],"version-history":[{"count":0,"href":"https:\/\/www.diarioimagen.net\/index.php?rest_route=\/wp\/v2\/posts\/99402\/revisions"}],"wp:attachment":[{"href":"https:\/\/www.diarioimagen.net\/index.php?rest_route=%2Fwp%2Fv2%2Fmedia&parent=99402"}],"wp:term":[{"taxonomy":"category","embeddable":true,"href":"https:\/\/www.diarioimagen.net\/index.php?rest_route=%2Fwp%2Fv2%2Fcategories&post=99402"},{"taxonomy":"post_tag","embeddable":true,"href":"https:\/\/www.diarioimagen.net\/index.php?rest_route=%2Fwp%2Fv2%2Ftags&post=99402"}],"curies":[{"name":"wp","href":"https:\/\/api.w.org\/{rel}","templated":true}]}}