{"id":99407,"date":"2012-08-06T00:06:13","date_gmt":"2012-08-06T05:06:13","guid":{"rendered":"http:\/\/www.diarioimagen.net\/?p=99407"},"modified":"2012-08-07T02:54:04","modified_gmt":"2012-08-07T07:54:04","slug":"realmente-pueden-acusar-impunemente","status":"publish","type":"post","link":"https:\/\/www.diarioimagen.net\/?p=99407","title":{"rendered":"\u00bfRealmente pueden acusar impunemente?"},"content":{"rendered":"<h2>Tras la puerta del poder<\/h2>\n<h5>Roberto Vizca\u00edno<\/h5>\n<p>&nbsp;<\/p>\n<ul>\n<li><em><strong>AMLO, Monreal y Zambrano podr\u00edan enfrentar una cascada de denuncias en los d\u00edas siguientes<\/strong><\/em><\/li>\n<li><em><strong>Luis Videgaray,\u00a0 el Gobierno del Estado de M\u00e9xico y Scotiabank \u00a0respondieron de inmediato<\/strong><\/em><\/li>\n<li><em><strong>\u00a0A las nuevas bancadas les urge elegir a sus coordinadores para entrar a la negociaci\u00f3n de reformas<\/strong><\/em><\/li>\n<\/ul>\n<div id=\"attachment_99477\" style=\"width: 250px\" class=\"wp-caption alignleft\"><a class=\"highslide\" onclick=\"return vz.expand(this)\" href=\"http:\/\/www.diarioimagen.net\/wp-content\/uploads\/2012\/08\/berrinches-monreal-trizas-1908.jpg\"><img loading=\"lazy\" decoding=\"async\" aria-describedby=\"caption-attachment-99477\" class=\"size-medium wp-image-99477\" title=\"berrinches-monreal-trizas-1908\" src=\"http:\/\/www.diarioimagen.net\/wp-content\/uploads\/2012\/08\/berrinches-monreal-trizas-1908-240x195.jpg\" alt=\"\" width=\"240\" height=\"195\" \/><\/a><p id=\"caption-attachment-99477\" class=\"wp-caption-text\">Berrinches Monreal | Trizas<\/p><\/div>\n<p>Ha pasado un mes y d\u00edas de la elecci\u00f3n del 1 de julio y falta justo un mes m\u00e1s para que el Tribunal Electoral, el Trife, califique y entregue al ganador la constancia de mayor\u00eda.<\/p>\n<p>El 6 de septiembre es la fecha l\u00edmite para que se declare formalmente al Presidente Electo y no hay duda que este ser\u00e1 Enrique Pe\u00f1a Nieto.<\/p>\n<p>Formalidades de estos tiempos de pluralidad y respeto a la norma obligan hoy a mencionarlo en los medios informativos como candidato ganador, pero con m\u00e1s de 3 millones de votos por encima del segundo lugar y 7 millones de la tercera, pues s\u00f3lo a los ilusos (a nivel popular se les dice de otra forma) les cabe la duda de qui\u00e9n vivir\u00e1 en Los Pinos los pr\u00f3ximos 6 a\u00f1os.<\/p>\n<p>En este contexto pol\u00edtico de realidades, un sector de la poblaci\u00f3n y los medios informativos, la pol\u00edtica tambi\u00e9n, vivimos una especie de sketch o pantomima (comedia, farsa, acci\u00f3n de fingir algo que se sabe no es cierto ni se siente: Real Academia de la Lengua), luego de que el segundo lugar en la presidencial, Andr\u00e9s Manuel L\u00f3pez Obrador no reconoci\u00f3 la derrota a pesar de los 3 millones de votos que le saca de ventaja Pe\u00f1a Nieto, ni porque ahora s\u00ed tuvo representantes en todas las casillas &#8211;representantes que convalidaron el resultado oficial&#8211;, y ni siquiera porque \u00e9l mismo apenas 3 d\u00edas antes hab\u00eda asegurado en una entrevista con Ricardo Rocha publicada en \u201cEl Universal\u201d que \u00e9l no ve\u00eda en este proceso ning\u00fan indicio de fraude.<\/p>\n<p>Desde entonces L\u00f3pez Obrador y su ex coordinador de campa\u00f1a, Ricardo Monreal, han escalado su argumentaci\u00f3n de un fraude electoral de niveles simplemente insospechados que va del uso de miles de millones de pesos operados subrepticiamente en cuentas bancarias y fondos sin pista para la compra de 5 millones de votos a trav\u00e9s de tarjetas de prepago de las tiendas Soriana o del Banco Monex.<\/p>\n<p>Todo ello lo hicieron los operadores de Enrique Pe\u00f1a Nieto sin que el gobierno de Felipe Calder\u00f3n, del cual es opositor, se diese cuenta y sin que nada eso fuese reportado por la Comisi\u00f3n Nacional Bancaria y de Valores o por la Secretar\u00eda de Hacienda, instituciones controladas tambi\u00e9n por panistas, ac\u00e9rrimos enemigos del PRI y su candidato.<\/p>\n<p>Es m\u00e1s, dicen L\u00f3pez Obrador y Monreal, esas operaciones financieras podr\u00edan caer en el lavado de dinero, lo cual involucra a las agencias de investigaci\u00f3n como la PGR o Gobernaci\u00f3n, la Defensa Nacional y la Marina as\u00ed como la PFP y, pues a las de Estados Unidos como es la DEA.<\/p>\n<p>\u00bfEn verdad se les fue a todos estas dependencias e instituciones la operaci\u00f3n realizada por los pri\u00edstas\u2026 o son parte del nuevo complot para robarle ooootra vez la Presidencia al tan buen candidato que era L\u00f3pez Obrador?<\/p>\n<p>Mientras se dilucida este asunto que de acuerdo a AMLO y su escudero Monreal huele a una oscura y s\u00faper y recontra mal\u00e9vola maquinaci\u00f3n desde las tenebrosas esferas de los due\u00f1os del pa\u00eds, esos de la mafia en el poder que les gusta robarse presidencias de la Rep\u00fablica y fabricar candidatos a trav\u00e9s de Televisa, el tabasque\u00f1o y el zacatecano \u2013quienes ya van a 200 \u00f3 300 por hora en eso de crear figuras del fraude-, el fin de semana salieron con oootra de sus argumentaciones con las que pretenden darle sustento a sus denuncias.<\/p>\n<p>El doctor en Derecho Constitucional, Ricardo Monreal, sali\u00f3 ante los medios y entreg\u00f3 dos pruebas: una cuenta de banco y una grabaci\u00f3n.<\/p>\n<p>La cuenta, dijo, era utilizada por el coordinador de la campa\u00f1a de Enrique Pe\u00f1a Nieto, el doctor \u2013\u00e9ste en econom\u00eda- Luis Videgaray para transferir miles de millones de pesos del fondo del Gobierno del Estado de M\u00e9xico hacia sus cuentas particulares y de ah\u00ed pues ya sabe usted, a la campa\u00f1a de su jefe.<\/p>\n<p>As\u00ed de f\u00e1cil. Como si hoy los controles financieros entre bancos y Hacienda no existieran.<\/p>\n<p>M\u00e1s r\u00e1pido que lo que se imagin\u00f3 el zacatecano, todos los involucrados en su fantas\u00eda salieron a decirle que simplemente lo que dijo era un cuento.<\/p>\n<p>El Banco Scotiabank le indic\u00f3 que esa cuenta no exist\u00eda; Luis Videgaray lo calific\u00f3 de mentiroso y de vivir en la desesperaci\u00f3n ante la falta de pruebas del fraude que denuncian y el Gobierno del Estado de M\u00e9xico le recet\u00f3 una lista de aclaraciones que lo deja como un abogado mal informado:<\/p>\n<p>1. La cuenta n\u00famero 03800806935 de Scotiabank es una cuenta de inversi\u00f3n del Gobierno del Estado de M\u00e9xico, abierta en agosto de 2006. En dicha cuenta se invierten todos los meses excedentes temporales de Tesorer\u00eda, con el objetivo de maximizar su rendimiento financiero, conforme a la normatividad aplicable. Espec\u00edficamente, en ella se depositan recursos provenientes de las participaciones federales, durante los d\u00edas del mes que transcurren entre la fecha en que se reciben de parte del gobierno federal y la fecha en la que dichos recursos se aplican para el pago de n\u00f3mina y otros fines autorizados en el presupuesto de egresos. El manejo de esta cuenta en 2012 ha sido el mismo que en los a\u00f1os anteriores.<\/p>\n<p>2. La cuenta n\u00famero 03800806935 de Scotiabank, como todas las cuentas bancarias del Gobierno del Estado de M\u00e9xico, ha sido auditada desde su apertura por auditor externo independiente. Asimismo,\u00a0 sus saldos y movimientos son parte de la cuenta p\u00fablica anual que se entrega a la Legislatura del Estado y es revisada por el \u00d3rgano Superior de Fiscalizaci\u00f3n del Estado de M\u00e9xico (OSFEM).<\/p>\n<p>3. El \u00fanico administrador de la cuenta 03800806935 de Scotiabank es el Gobierno del Estado de M\u00e9xico. Tal y como lo inform\u00f3 ayer en un comunicado Scotiabank, el Dr. Luis Videgaray Caso no tiene injerencia alguna en el manejo de \u00e9sta o cualquier otra cuenta del Gobierno del Estado, desde que se separ\u00f3 del cargo de Secretario de Finanzas, el 30 de marzo de 2009.<\/p>\n<p>4. El Gobierno del Estado de M\u00e9xico no ha destinado recursos a apoyar campa\u00f1as pol\u00edticas. La acusaci\u00f3n que hace el Sr. Monreal carece de fundamento alguno.<\/p>\n<p>A ver ahora con que ooootra salen Monreal y L\u00f3pez Obrador, porque la \u00faltima simplemente no fue muy lejos y ya quienes son objeto de sus denuncias comienzan a analizar y presentar denuncias en su contra a fin de dejarles ver que no pueden ir por la vida haciendo acusaciones y ensuciando reputaciones impunemente.<\/p>\n<p align=\"center\"><strong>COORDINADORES<\/strong><\/p>\n<p>Muy movidos estar\u00e1n esta semana los diputados y senadores electos surgidos de todos los partidos porque pronto el IFE les dar\u00e1 sus constancias de mayor\u00eda y en sus respectivas C\u00e1maras los han citado para tomarles la foto, recoger sus datos personales y entregarles sus documentos para poder ingresar al estacionamiento y las claves para poder ingresar a los respectivas salones de plenos.<\/p>\n<p>Habr\u00e1 tambi\u00e9n recorridos organizados por las \u00e1reas de Relaciones P\u00fablicas para mostrarles \u2013a los primerizos-, d\u00f3nde est\u00e1 cada cosa (restaurante, bancos, agencias de viajes, el peluquero, los ba\u00f1os, sus oficinas, las de sus coordinadores, las bibliotecas, las \u00e1reas de asesores, etc) y, por supuesto, donde est\u00e1 el cajero donde cada mes le tendr\u00e1n sus respectivos chequesotes.<\/p>\n<p>Pero sin duda lo que les tendr\u00e1 m\u00e1s ocupados ser\u00e1n sus respectivos encuentros, negociaciones y plenarias a fin de elegir a sus coordinadores.<\/p>\n<p>Quienes al parecer vivir\u00e1n en la mayor de las expectaciones son los panistas, pues sus estatutos indican que las coordinaciones las decide la presidencia de su partido, es decir, el se\u00f1or Gustavo Madero y no la mayor\u00eda de los legisladores como s\u00ed ocurre en el PRI y en el PRD.<\/p>\n<p>Como todos sabemos, en este partido hay hoy un jaloneo entre el presidente saliente Felipe Calder\u00f3n y Madero \u2013quien al parecer se ha hecho del apoyo de dirigentes estatales y legisladores entrantes y salientes&#8211;, la designaci\u00f3n de los coordinadores blanquiazules en el Senado y en la C\u00e1mara de Diputados est\u00e1 hoy en el nivel de la incertidumbre.<\/p>\n<p>En las bancadas del PRI y PRD no hay tanta inseguridad pues ah\u00ed si hay ya personajes sobre los que deber\u00e1n decidir los legisladores entrantes.<\/p>\n<p>En el caso del PRI, se reafirma que en el Senado la disputa est\u00e1 entre Cristina D\u00edaz y Emilio Gamboa, sin que se descarte un tercero. La idea, dicen, es que Cristina sea la coordinadora para que gane fuerza a fin de que el pr\u00f3ximo a\u00f1o sea la candidata al gobierno del Estado de Nuevo Le\u00f3n. Mientras Gamboa tendr\u00eda que esperar y apoyar.<\/p>\n<p>En la C\u00e1mara de Diputados la contienda est\u00e1 entre Manlio Fabio Beltrones, Jes\u00fas Murillo Karam y un tercero no especificado.<\/p>\n<p>Entre los perredistas al parecer se fortalece la idea de que en el Senado quede Alejandra Barrales y en San L\u00e1zaro se nombre a Julio C\u00e9sar Moreno.<\/p>\n<p>Las negociaciones de todas las bancadas son esenciales para entrar de inmediato a la negociaci\u00f3n de las primeras reformas que al parecer saldr\u00e1n a mediados de septiembre.<\/p>\n<p><em><a href=\"mailto:rvizcaino@gmail.com\" target=\"_blank\">rvizcaino@gmail.com<\/a><\/em><\/p>\n","protected":false},"excerpt":{"rendered":"<p><span style=\"color: #005497;\"><strong>Roberto Vizca\u00edno<\/strong><\/span><\/p>\n","protected":false},"author":3,"featured_media":0,"comment_status":"open","ping_status":"open","sticky":false,"template":"","format":"standard","meta":{"_monsterinsights_skip_tracking":false,"_monsterinsights_sitenote_active":false,"_monsterinsights_sitenote_note":"","_monsterinsights_sitenote_category":0,"footnotes":""},"categories":[136],"tags":[18,43675,43674,211,362,93,94],"class_list":["post-99407","post","type-post","status-publish","format-standard","hentry","category-roberto-vizcaino-opinion","tag-enrique-pena-nieto","tag-estado-de-mexico","tag-opinion","tag-prd","tag-pri","tag-roberto-vizcaino","tag-tras-la-puerta-del-poder"],"_links":{"self":[{"href":"https:\/\/www.diarioimagen.net\/index.php?rest_route=\/wp\/v2\/posts\/99407","targetHints":{"allow":["GET"]}}],"collection":[{"href":"https:\/\/www.diarioimagen.net\/index.php?rest_route=\/wp\/v2\/posts"}],"about":[{"href":"https:\/\/www.diarioimagen.net\/index.php?rest_route=\/wp\/v2\/types\/post"}],"author":[{"embeddable":true,"href":"https:\/\/www.diarioimagen.net\/index.php?rest_route=\/wp\/v2\/users\/3"}],"replies":[{"embeddable":true,"href":"https:\/\/www.diarioimagen.net\/index.php?rest_route=%2Fwp%2Fv2%2Fcomments&post=99407"}],"version-history":[{"count":0,"href":"https:\/\/www.diarioimagen.net\/index.php?rest_route=\/wp\/v2\/posts\/99407\/revisions"}],"wp:attachment":[{"href":"https:\/\/www.diarioimagen.net\/index.php?rest_route=%2Fwp%2Fv2%2Fmedia&parent=99407"}],"wp:term":[{"taxonomy":"category","embeddable":true,"href":"https:\/\/www.diarioimagen.net\/index.php?rest_route=%2Fwp%2Fv2%2Fcategories&post=99407"},{"taxonomy":"post_tag","embeddable":true,"href":"https:\/\/www.diarioimagen.net\/index.php?rest_route=%2Fwp%2Fv2%2Ftags&post=99407"}],"curies":[{"name":"wp","href":"https:\/\/api.w.org\/{rel}","templated":true}]}}