{"id":99422,"date":"2012-08-06T00:04:00","date_gmt":"2012-08-06T05:04:00","guid":{"rendered":"http:\/\/www.diarioimagen.net\/?p=99422"},"modified":"2012-08-06T02:29:42","modified_gmt":"2012-08-06T07:29:42","slug":"manlio-o-jesus","status":"publish","type":"post","link":"https:\/\/www.diarioimagen.net\/?p=99422","title":{"rendered":"\u00bfManlio o Jes\u00fas?"},"content":{"rendered":"<h2>De frente y de perfil<\/h2>\n<h5>Ram\u00f3n Zurita Sahag\u00fan<\/h5>\n<p><span><br \/>\nEnfrascados en la selecci\u00f3n de los coordinadores de sus respectivas bancadas en el Congreso de la Uni\u00f3n, los distintos partidos representados en las dos c\u00e1maras que lo componen, entran en la etapa final de su decisi\u00f3n.<\/span><\/p>\n<p>Cada uno de esos partidos negocia con las corrientes y grupos que llegaron con sus siglas tanto al Senado de la Rep\u00fablica como a la C\u00e1mara de Diputados. De acuerdo a anteriores comentarios publicados en este espacio, la decisi\u00f3n perredista se torna la m\u00e1s complicada por el n\u00famero de aspirantes y de corrientes (tribus) que se aglomeran al interior del partido.<\/p>\n<p>Contrario a ello, la disputa por el control de la bancada pri\u00edsta en la C\u00e1mara de Diputados parece la m\u00e1s tersa, toda vez que solamente existen dos aspirantes visibles, cu\u00e1l m\u00e1s de ellos con carreras pol\u00edticas exitosas y entre los que su partido deber\u00e1 elegir al coordinador de la bancada m\u00e1s grande de este partido en los \u00faltimos 15 a\u00f1os y la presidencia de la C\u00e1mara de Diputados para el primer a\u00f1o legislativo.<\/p>\n<p>Jes\u00fas Murillo Karam y Manlio Fabio Beltrones Rivera, forman esa dupla de futuros diputados pri\u00edstas entre el que saldr\u00e1 el coordinador de la bancada de m\u00e1s de 240 diputados y de quien entregar\u00e1 la banda presidencial al nuevo Presidente de la Rep\u00fablica.<\/p>\n<p>La \u00fanica duda radica en si Murillo Karam se quedar\u00e1 en la C\u00e1mara de Diputados o sus servicios ser\u00e1n necesarios en el gabinete presidencial, si Enrique Pe\u00f1a Nieto es confirmado\u00a0 por el Tribunal Electoral del Poder Judicial de la Federaci\u00f3n como el ganador de los comicios del primero de julio.<\/p>\n<p>La relaci\u00f3n del hidalguense con el mexiquense es sumamente conocida y fue primero el coordinador electoral del segundo en la campa\u00f1a por el gobierno del Estado de M\u00e9xico.<\/p>\n<p>Ese fue el surgimiento de Pe\u00f1a Nieto como figura p\u00fablica nacional, ya que rebas\u00f3 su \u00e1mbito local y se convirti\u00f3 en un personaje pol\u00edtico atractivo para todos los ciudadanos.<\/p>\n<p>Desde entonces Murillo Karam se convirti\u00f3 en uno de los principales asesores en el tr\u00e1nsito hacia la candidatura presidencial y ahora con su nombramiento como encargado de las cuestiones jur\u00eddicas del partido y su candidato, se ratifica la confianza depositada en \u00e9l.<\/p>\n<p>Con amplia experiencia en el sector p\u00fablico y en los cargos de elecci\u00f3n popular, Murillo Karam se ha desempe\u00f1ado en un par de ocasiones como diputado federal, dos m\u00e1s como senador, otra como gobernador. Fue subsecretario de Gobernaci\u00f3n, oficial mayor de la secretar\u00eda de la Reforma Agraria, secretario de Gobierno en Hidalgo y secretario general del CEN del PRI.<\/p>\n<p>Es un pol\u00edtico recio, con temple y experiencia, al que no le tiembla la mano. Cuenta con amplios recursos para el debate y la discusi\u00f3n p\u00fablica, en el terreno que se lo planteen, es buen organizador y cuenta con la confianza de quien ser\u00eda el Ejecutivo federal, en caso de ser confirmado por las autoridades.<\/p>\n<p>Murillo podr\u00eda ser el presidente de la mesa directiva de la C\u00e1mara de Diputados y como tal entregar la banda presidencial de un Presidente de la Rep\u00fablica surgido del PAN\u00a0 a uno militante del PRI, su propio partido.<\/p>\n<p>Como ese evento tiene tintes de no ser tan terso como se esperaba, Murillo Karam tiene la capacidad, energ\u00eda y conocimiento para llevarlo en orden, de acuerdo al reglamento.<\/p>\n<p>Sus detractores lo consideran de l\u00ednea y mano dura, por lo que lo ubican en alguna secretar\u00eda que concuerde con sus rasgos.\u00a0 Las apuestas van desde la secretar\u00eda de Gobernaci\u00f3n (la disputar\u00eda con su paisano Miguel \u00c1ngel Osorio Chong) pasando por la Procuradur\u00eda General de Justicia y la secretar\u00eda de Seguridad P\u00fablica federal.<\/p>\n<p>Con todo y ello le alcanzar\u00eda para presidir la C\u00e1mara de Diputados los meses de septiembre, octubre y noviembre y entregar la banda presidencial el primero de diciembre y despu\u00e9s incorporarse al servicio p\u00fablico federal.<\/p>\n<p>El otro personaje es el mencionado Manlio Fabio Beltrones Rivera, uno de los pol\u00edticos pri\u00edstas mejor posicionados y quien logr\u00f3 reinventarse en los a\u00f1os recientes. Durante largo tiempo se teji\u00f3 una imagen tenebrosa del sonorense, en la que se le involucraba en todo tipo de asuntos, desde el manejo de la informaci\u00f3n pol\u00edtica (herencia de su maestro Fernando Guti\u00e9rrez Barrios), pasando por supuestos tratos con sujetos de mala fama que lo hab\u00edan convertido en un personaje a seguir por el gobierno estadounidense.<\/p>\n<p>Nada de eso exist\u00eda, pero luego se teji\u00f3 otra leyenda negra de Manlio vinculada al crimen de Luis Donaldo Colosio y la supuesta conversaci\u00f3n con Aburto en la playa de Tijuana.<\/p>\n<p>Manlio Fabio logr\u00f3 concertar una de las carreras pol\u00edticas m\u00e1s exitosas, siendo diputado, senador y gobernador antes de cumplir los 40 a\u00f1os de edad.<\/p>\n<p>Fue subsecretario de Gobernaci\u00f3n, dirigente del sector popular del PRI, diputado y senador una vez m\u00e1s, incluso presidiendo ambas c\u00e1maras, en sus respecticos momentos. Manlio tambi\u00e9n est\u00e1 vinculado con la l\u00ednea dura del partido en que milita, aunque su manejo dentro y fuera es siempre terso. Particip\u00f3 en la disputa por la candidatura presidencial, aunque cuando advirti\u00f3 que los saldos no le favorec\u00edan se hizo a un lado y eso le otorg\u00f3 otro bono pol\u00edtico que puede conducirlo coordinar la bancada de su partido o hasta incorporarse a una tarea de la administraci\u00f3n p\u00fablica federal.<\/p>\n<p>Curiosamente Manlio nunca pudo coordinar los trabajos de su bancada en la C\u00e1mara de Diputados, ya que primero le gan\u00f3 Elba Esther Gordillo y despu\u00e9s Emilio Chuayffet Chemor. Ahora puede ser su oportunidad, aunque como presidente de la C\u00e1mara de Diputados mostr\u00f3 control en las sesiones y estas transcurrieron dentro de los l\u00edmites permisibles, sin grandes esc\u00e1ndalos. Por eso los priistas tienen la moneda en el aire, \u00bfManlio o Jes\u00fas?<\/p>\n<p><a href=\"mailto:ramonzurita44@hotmail.com\" target=\"_blank\"><em>ramonzurita44@hotmail.com<\/em><\/a><br \/>\n<em><a href=\"mailto:zurita_sahagun@hotmail.com\" target=\"_blank\">zurita_sahagun@hotmail.com<\/a><\/em><\/p>\n","protected":false},"excerpt":{"rendered":"<p><span style=\"color: #005497;\"><strong>Ram\u00f3n Zurita Sahag\u00fan<\/strong><\/span><\/p>\n","protected":false},"author":3,"featured_media":0,"comment_status":"open","ping_status":"open","sticky":false,"template":"","format":"standard","meta":{"_monsterinsights_skip_tracking":false,"_monsterinsights_sitenote_active":false,"_monsterinsights_sitenote_note":"","_monsterinsights_sitenote_category":0,"footnotes":""},"categories":[234],"tags":[98,43674],"class_list":["post-99422","post","type-post","status-publish","format-standard","hentry","category-ramon-zurita-sahagun","tag-camara-de-diputados","tag-opinion"],"_links":{"self":[{"href":"https:\/\/www.diarioimagen.net\/index.php?rest_route=\/wp\/v2\/posts\/99422","targetHints":{"allow":["GET"]}}],"collection":[{"href":"https:\/\/www.diarioimagen.net\/index.php?rest_route=\/wp\/v2\/posts"}],"about":[{"href":"https:\/\/www.diarioimagen.net\/index.php?rest_route=\/wp\/v2\/types\/post"}],"author":[{"embeddable":true,"href":"https:\/\/www.diarioimagen.net\/index.php?rest_route=\/wp\/v2\/users\/3"}],"replies":[{"embeddable":true,"href":"https:\/\/www.diarioimagen.net\/index.php?rest_route=%2Fwp%2Fv2%2Fcomments&post=99422"}],"version-history":[{"count":0,"href":"https:\/\/www.diarioimagen.net\/index.php?rest_route=\/wp\/v2\/posts\/99422\/revisions"}],"wp:attachment":[{"href":"https:\/\/www.diarioimagen.net\/index.php?rest_route=%2Fwp%2Fv2%2Fmedia&parent=99422"}],"wp:term":[{"taxonomy":"category","embeddable":true,"href":"https:\/\/www.diarioimagen.net\/index.php?rest_route=%2Fwp%2Fv2%2Fcategories&post=99422"},{"taxonomy":"post_tag","embeddable":true,"href":"https:\/\/www.diarioimagen.net\/index.php?rest_route=%2Fwp%2Fv2%2Ftags&post=99422"}],"curies":[{"name":"wp","href":"https:\/\/api.w.org\/{rel}","templated":true}]}}