{"id":99500,"date":"2012-08-06T00:08:39","date_gmt":"2012-08-06T05:08:39","guid":{"rendered":"http:\/\/www.diarioimagen.net\/?p=99500"},"modified":"2012-08-06T03:36:05","modified_gmt":"2012-08-06T08:36:05","slug":"huixquilucan-refuerza-intercambio-con-municipalidades-de-honduras","status":"publish","type":"post","link":"https:\/\/www.diarioimagen.net\/?p=99500","title":{"rendered":"Huixquilucan refuerza intercambio con municipalidades de Honduras"},"content":{"rendered":"<ul>\n<li><strong><em>El alcalde Alfredo del Mazo Maza se reuni\u00f3\u00a0 con sus hom\u00f3logos\u00a0de ese pa\u00eds centroamericano para impulsar la cooperaci\u00f3n<\/em><\/strong><\/li>\n<\/ul>\n<div id=\"attachment_99509\" style=\"width: 250px\" class=\"wp-caption alignleft\"><a class=\"highslide\" onclick=\"return vz.expand(this)\" href=\"http:\/\/www.diarioimagen.net\/wp-content\/uploads\/2012\/08\/HUIXQUILUCAN-1908.jpg\"><img loading=\"lazy\" decoding=\"async\" aria-describedby=\"caption-attachment-99509\" class=\"size-medium wp-image-99509\" title=\"HUIXQUILUCAN-1908\" src=\"http:\/\/www.diarioimagen.net\/wp-content\/uploads\/2012\/08\/HUIXQUILUCAN-1908-240x159.jpg\" alt=\"\" width=\"240\" height=\"159\" \/><\/a><p id=\"caption-attachment-99509\" class=\"wp-caption-text\">Carlos Armando Bendek, alcalde de Santa Luc\u00eda, Honduras, estrecha la mano de Alfredo del Mazo, alcalde de Huixquilucan.<\/p><\/div>\n<p><strong>Huixquilucan, Estado de M\u00e9xico<\/strong>.- Para impulsar la cooperaci\u00f3n y el intercambio de experiencias que incidan en el desarrollo de sus respectivas localidades, el alcalde Alfredo del Mazo Maza sostuvo una reuni\u00f3n con sus hom\u00f3logos de varios municipios de Honduras.<\/p>\n<p>En un encuentro celebrado en la sede del palacio municipal de Huixquilucan, Del Mazo Maza recibi\u00f3 a los ediles hondure\u00f1os encabezados por Carlos Armando Bendeck, alcalde de Santa Luc\u00eda, Departamento de Francisco Moraz\u00e1n y presidente de la Asociaci\u00f3n de Municipios de Honduras (AMHON), as\u00ed como a Nery Conrado Cerrato, presidente municipal de Teupasenti, Departamento de El Para\u00edso y secretario de la Junta Directiva, Danilo Cervantes Suazo, subdirector ejecutivo y \u00c1lvaro Morales Molina, asistente de Incidencia Pol\u00edtica y Relaciones Internacionales, todos de la AMHON.<\/p>\n<p>En la visita se propuso intercambiar diversas experiencias y conocimientos de las municipalidades para encontrar respuestas viables a problem\u00e1ticas comunes.<\/p>\n<p>Del Mazo Maza destac\u00f3 que Huixquilucan es una muestra de la diversidad de lo que es el Estado de M\u00e9xico, un \u201cmosaico\u201d que refleja las diferentes prioridades que tienen sus habitantes. Una zona de tradiciones y que es la parte de la cabecera municipal, de pueblos y de usos y costumbres muy arraigadas; otra zona popular que colinda con la ciudad de M\u00e9xico donde son otras las necesidades, como el empleo; y la zona residencial que requiere servicios p\u00fablicos e infraestructura vial.<\/p>\n","protected":false},"excerpt":{"rendered":"<p> Para impulsar la cooperaci\u00f3n y el intercambio de experiencias que incidan en el desarrollo de sus respectivas localidades, el alcalde Alfredo del Mazo Maza sostuvo una reuni\u00f3n con sus hom\u00f3logos de varios municipios de Honduras. <\/p>\n","protected":false},"author":3,"featured_media":0,"comment_status":"open","ping_status":"open","sticky":false,"template":"","format":"standard","meta":{"_monsterinsights_skip_tracking":false,"_monsterinsights_sitenote_active":false,"_monsterinsights_sitenote_note":"","_monsterinsights_sitenote_category":0,"footnotes":""},"categories":[5],"tags":[2505,43675,1097],"class_list":["post-99500","post","type-post","status-publish","format-standard","hentry","category-estado-de-mexico","tag-alfredo-del-mazo-maza","tag-estado-de-mexico","tag-huixquilucan"],"_links":{"self":[{"href":"https:\/\/www.diarioimagen.net\/index.php?rest_route=\/wp\/v2\/posts\/99500","targetHints":{"allow":["GET"]}}],"collection":[{"href":"https:\/\/www.diarioimagen.net\/index.php?rest_route=\/wp\/v2\/posts"}],"about":[{"href":"https:\/\/www.diarioimagen.net\/index.php?rest_route=\/wp\/v2\/types\/post"}],"author":[{"embeddable":true,"href":"https:\/\/www.diarioimagen.net\/index.php?rest_route=\/wp\/v2\/users\/3"}],"replies":[{"embeddable":true,"href":"https:\/\/www.diarioimagen.net\/index.php?rest_route=%2Fwp%2Fv2%2Fcomments&post=99500"}],"version-history":[{"count":0,"href":"https:\/\/www.diarioimagen.net\/index.php?rest_route=\/wp\/v2\/posts\/99500\/revisions"}],"wp:attachment":[{"href":"https:\/\/www.diarioimagen.net\/index.php?rest_route=%2Fwp%2Fv2%2Fmedia&parent=99500"}],"wp:term":[{"taxonomy":"category","embeddable":true,"href":"https:\/\/www.diarioimagen.net\/index.php?rest_route=%2Fwp%2Fv2%2Fcategories&post=99500"},{"taxonomy":"post_tag","embeddable":true,"href":"https:\/\/www.diarioimagen.net\/index.php?rest_route=%2Fwp%2Fv2%2Ftags&post=99500"}],"curies":[{"name":"wp","href":"https:\/\/api.w.org\/{rel}","templated":true}]}}