{"id":99529,"date":"2012-08-06T00:03:53","date_gmt":"2012-08-06T05:03:53","guid":{"rendered":"http:\/\/www.diarioimagen.net\/?p=99529"},"modified":"2012-08-06T06:31:21","modified_gmt":"2012-08-06T11:31:21","slug":"exigen-mas-control-de-desarrollos-inmobiliarios-en-alvaro-obregon","status":"publish","type":"post","link":"https:\/\/www.diarioimagen.net\/?p=99529","title":{"rendered":"Exigen m\u00e1s control de desarrollos inmobiliarios en \u00c1lvaro Obreg\u00f3n"},"content":{"rendered":"<ul>\n<li><em><strong>El asamble\u00edsta Leonel Luna afirma que la demarcaci\u00f3n ha tenido un crecimiento desbordado en este tipo de obras<\/strong><\/em><\/li>\n<\/ul>\n<div id=\"attachment_99531\" style=\"width: 250px\" class=\"wp-caption alignleft\"><a class=\"highslide\" onclick=\"return vz.expand(this)\" href=\"http:\/\/www.diarioimagen.net\/wp-content\/uploads\/2012\/08\/ciudad-2-1908.jpg\"><img loading=\"lazy\" decoding=\"async\" aria-describedby=\"caption-attachment-99531\" class=\"size-medium wp-image-99531\" title=\"ciudad-2-1908\" src=\"http:\/\/www.diarioimagen.net\/wp-content\/uploads\/2012\/08\/ciudad-2-1908-240x216.jpg\" alt=\"\" width=\"240\" height=\"216\" \/><\/a><p id=\"caption-attachment-99531\" class=\"wp-caption-text\">El ex delegado de \u00c1lvaro Obreg\u00f3n, Leonel Luna, afirma que en los \u00faltimos a\u00f1os su demarcaci\u00f3n se desbord\u00f3 en desarrollos inmobiliarios, con m\u00e1s niveles y viviendas de lo autorizado.<\/p><\/div>\n<p>Al sostener que en los \u00faltimos dos a\u00f1os, la delegaci\u00f3n \u00c1lvaro Obreg\u00f3n se ha visto sumamente afectada por el crecimiento desbordado de desarrollos inmobiliarios con m\u00e1s de tres niveles y mayor n\u00famero de viviendas a las permitidas por la zonificaci\u00f3n, el diputado local del PRD, Leonel Luna Estrada,\u00a0 exigi\u00f3 a la Secretar\u00eda de Desarrollo Urbano y Vivienda, as\u00ed como\u00a0 a las autoridades de la demarcaci\u00f3n un mayor control sobre este tipo de obras.<\/p>\n<p>El integrante de la Comisi\u00f3n de Desarrollo e Infraestructura Urbana de la ALDF, sostuvo que cifras oficiales se\u00f1alan que cada a\u00f1o en la ciudad se presenta una demanda de 35 mil viviendas nuevas, lo que ha propiciado que en \u00c1lvaro Obreg\u00f3n se registre un crecimiento desabordado de\u00a0 edificios departamentales,\u00a0 cuyas dimensiones ponen en riesgo el abasto de servicios b\u00e1sicos y la movilidad.<\/p>\n<p>Luna Estrada indic\u00f3 que\u00a0 las zonas\u00a0 que han resultado mayormente afectadas\u00a0 por este tipo de construcciones, son: Tizap\u00e1n, San \u00c1ngel, Progreso Tizap\u00e1n, Olivar de los Padres, Calzada de Las \u00c1guilas y Avenida Prolongaci\u00f3n San Antonio, en la colonia Carola, entre otros.<\/p>\n<p>Expuso que en fechas recientes, representantes vecinales expusieron ante la ALDF\u00a0 diversas inquietudes y demandas en relaci\u00f3n a desarrollos inmobiliarios, los cuales a decir de los vecinos, en caso de consumarse tendr\u00edan un impacto negativo en sus condiciones de vida.<\/p>\n<p>El primer caso, es el desarrollo inmobiliario \u201cPuerta Santa Luc\u00eda\u201d que se lleva a cabo en Avenida Tamaulipas n\u00famero 1236, Colonia Estado de Hidalgo; Este proyecto contempla la construcci\u00f3n de un conjunto residencial compuesto por 53 casas de 3 niveles y una torre de 20 niveles para departamentos.<\/p>\n<p>Otra inconformidad vecinal se ha dado en la colonia Ampliaci\u00f3n los Alpes, pues debido a la certificaci\u00f3n obtenida por los propietarios de los inmuebles localizados en las Calles Rada y Marisma, n\u00fameros 44 y 54, se podr\u00eda iniciar la construcci\u00f3n de\u00a0 hasta 24 20 departamentos, respectivamente.<\/p>\n","protected":false},"excerpt":{"rendered":"<p>Al sostener que en los \u00faltimos dos a\u00f1os, la delegaci\u00f3n \u00c1lvaro Obreg\u00f3n se ha visto sumamente afectada por el crecimiento desbordado de desarrollos inmobiliarios con m\u00e1s de tres niveles y mayor n\u00famero de viviendas a las permitidas por la zonificaci\u00f3n, el diputado local del PRD, Leonel Luna Estrada,  exigi\u00f3 a la Secretar\u00eda de Desarrollo Urbano y Vivienda, as\u00ed como  a las autoridades de la demarcaci\u00f3n un mayor control sobre este tipo de obras. <\/p>\n","protected":false},"author":1,"featured_media":0,"comment_status":"open","ping_status":"open","sticky":false,"template":"","format":"standard","meta":{"_monsterinsights_skip_tracking":false,"_monsterinsights_sitenote_active":false,"_monsterinsights_sitenote_note":"","_monsterinsights_sitenote_category":0,"footnotes":""},"categories":[6],"tags":[210,1324,204,43691],"class_list":["post-99529","post","type-post","status-publish","format-standard","hentry","category-cd-de-mexico","tag-aldf","tag-alvaro-obregon","tag-ciudad-de-mexico","tag-gdf"],"_links":{"self":[{"href":"https:\/\/www.diarioimagen.net\/index.php?rest_route=\/wp\/v2\/posts\/99529","targetHints":{"allow":["GET"]}}],"collection":[{"href":"https:\/\/www.diarioimagen.net\/index.php?rest_route=\/wp\/v2\/posts"}],"about":[{"href":"https:\/\/www.diarioimagen.net\/index.php?rest_route=\/wp\/v2\/types\/post"}],"author":[{"embeddable":true,"href":"https:\/\/www.diarioimagen.net\/index.php?rest_route=\/wp\/v2\/users\/1"}],"replies":[{"embeddable":true,"href":"https:\/\/www.diarioimagen.net\/index.php?rest_route=%2Fwp%2Fv2%2Fcomments&post=99529"}],"version-history":[{"count":0,"href":"https:\/\/www.diarioimagen.net\/index.php?rest_route=\/wp\/v2\/posts\/99529\/revisions"}],"wp:attachment":[{"href":"https:\/\/www.diarioimagen.net\/index.php?rest_route=%2Fwp%2Fv2%2Fmedia&parent=99529"}],"wp:term":[{"taxonomy":"category","embeddable":true,"href":"https:\/\/www.diarioimagen.net\/index.php?rest_route=%2Fwp%2Fv2%2Fcategories&post=99529"},{"taxonomy":"post_tag","embeddable":true,"href":"https:\/\/www.diarioimagen.net\/index.php?rest_route=%2Fwp%2Fv2%2Ftags&post=99529"}],"curies":[{"name":"wp","href":"https:\/\/api.w.org\/{rel}","templated":true}]}}