{"id":99624,"date":"2012-08-07T00:06:41","date_gmt":"2012-08-07T05:06:41","guid":{"rendered":"http:\/\/www.diarioimagen.net\/?p=99624"},"modified":"2012-08-07T03:24:51","modified_gmt":"2012-08-07T08:24:51","slug":"perfilan-a-gamboa-patron-como-coordinador-del-pri-en-el-senado","status":"publish","type":"post","link":"https:\/\/www.diarioimagen.net\/?p=99624","title":{"rendered":"Perfilan a Gamboa Patr\u00f3n como coordinador del PRI en el Senado"},"content":{"rendered":"<ul>\n<li><strong><em>En una junta a puerta cerrada de senadores electos se filtr\u00f3 que el consenso es que sea un candidato de unidad<\/em><\/strong><\/li>\n<\/ul>\n<div id=\"attachment_99680\" style=\"width: 250px\" class=\"wp-caption alignleft\"><a class=\"highslide\" onclick=\"return vz.expand(this)\" href=\"http:\/\/www.diarioimagen.net\/wp-content\/uploads\/2012\/08\/gamboa-1909.jpg\"><img loading=\"lazy\" decoding=\"async\" aria-describedby=\"caption-attachment-99680\" class=\"size-medium wp-image-99680\" title=\"gamboa-1909\" src=\"http:\/\/www.diarioimagen.net\/wp-content\/uploads\/2012\/08\/gamboa-1909-240x132.jpg\" alt=\"\" width=\"240\" height=\"132\" \/><\/a><p id=\"caption-attachment-99680\" class=\"wp-caption-text\">Los senadores electos comenzaron a pronunciarse porque su coordinador en la C\u00e1mara alta sea Emilio Gamboa Patr\u00f3n; lo dijeron en reuni\u00f3n privada.<\/p><\/div>\n<p>Tras m\u00e1s de dos horas de reuni\u00f3n a puerta cerrada senadores electos del Partido Revolucionario Institucional (PRI) adelantaron que Emilio Gamboa Patr\u00f3n se perfila como el coordinador de la bancada para la LXII Legislatura, pues \u201chay gran consenso en torno a su liderazgo\u201d.<\/p>\n<p>En entrevistas por separado, Joel Ayala, Omar Fayad y Eviel P\u00e9rez admitieron que hay la posibilidad de que haya un candidato de unidad, que ser\u00eda Gamboa Patr\u00f3n.<\/p>\n<p>Por otra parte, la secretaria general del PRI, Cristina D\u00edaz Salazar, descart\u00f3 inscribirse como aspirante a coordinar la bancada pri\u00edsta en el Senado de la Rep\u00fablica en la LXII Legislatura.<\/p>\n<p>En el marco del c\u00f3nclave preparatorio para la elecci\u00f3n de quien habr\u00e1 de liderar a la pr\u00f3xima bancada priista, la tambi\u00e9n senadora electa anot\u00f3 que tiene mucho trabajo en la secretar\u00eda general del partido, por lo que no se visualiza buscando la coordinaci\u00f3n.<\/p>\n<p>En entrevista, D\u00edaz Salazar detall\u00f3 que una vez que pase el tema postelectoral el partido entrar\u00e1 en una etapa de an\u00e1lisis y de autocr\u00edtica en torno a los comicios, \u201cdonde debemos darle una revisi\u00f3n exhaustiva\u201d.<\/p>\n<p>Sostuvo que adem\u00e1s se tienen cambios de dirigencias locales, pues algunos cargos ya est\u00e1n vencidos, \u201cy no se nos olvide: desde el a\u00f1o pasado pospusimos nuestra Asamblea Nacional\u201d.<\/p>\n<p>La dirigente pri\u00edsta record\u00f3 que la Asamblea Nacional tiene por ordenamiento legal, como l\u00edmite, llevarse a cabo en febrero de 2013. \u201cEntonces hay mucho trabajo qu\u00e9 hacer y me veo con mucho trabajo en la Secretar\u00eda General\u201d.<\/p>\n<p>Asimismo, indic\u00f3 que una vez que se elija a los coordinadores de los diputados y los senadores, el PRI empezar\u00e1 a construir una agenda legislativa que estar\u00e1 basada en los ejes rectores que propuso su candidato presidencial, Enrique Pe\u00f1a Nieto. \u201cEn el cual nosotros suscribimos un compromiso de acompa\u00f1arlo y de hacer equipo pol\u00edtico, \u00e9l desde el Ejecutivo y nosotros desde el Legislativo\u201d, concluy\u00f3.<strong><\/strong><\/p>\n<p>&nbsp;<\/p>\n","protected":false},"excerpt":{"rendered":"<p>Tras m\u00e1s de dos horas de reuni\u00f3n a puerta cerrada senadores electos del Partido Revolucionario Institucional (PRI)<\/p>\n","protected":false},"author":3,"featured_media":0,"comment_status":"open","ping_status":"open","sticky":false,"template":"","format":"standard","meta":{"_monsterinsights_skip_tracking":false,"_monsterinsights_sitenote_active":false,"_monsterinsights_sitenote_note":"","_monsterinsights_sitenote_category":0,"footnotes":""},"categories":[3],"tags":[98,6749,8606,116],"class_list":["post-99624","post","type-post","status-publish","format-standard","hentry","category-nacional","tag-camara-de-diputados","tag-emilio-gamboa-patron","tag-manlio-fabio-beltrones-rivera","tag-senado-de-la-republica"],"_links":{"self":[{"href":"https:\/\/www.diarioimagen.net\/index.php?rest_route=\/wp\/v2\/posts\/99624","targetHints":{"allow":["GET"]}}],"collection":[{"href":"https:\/\/www.diarioimagen.net\/index.php?rest_route=\/wp\/v2\/posts"}],"about":[{"href":"https:\/\/www.diarioimagen.net\/index.php?rest_route=\/wp\/v2\/types\/post"}],"author":[{"embeddable":true,"href":"https:\/\/www.diarioimagen.net\/index.php?rest_route=\/wp\/v2\/users\/3"}],"replies":[{"embeddable":true,"href":"https:\/\/www.diarioimagen.net\/index.php?rest_route=%2Fwp%2Fv2%2Fcomments&post=99624"}],"version-history":[{"count":0,"href":"https:\/\/www.diarioimagen.net\/index.php?rest_route=\/wp\/v2\/posts\/99624\/revisions"}],"wp:attachment":[{"href":"https:\/\/www.diarioimagen.net\/index.php?rest_route=%2Fwp%2Fv2%2Fmedia&parent=99624"}],"wp:term":[{"taxonomy":"category","embeddable":true,"href":"https:\/\/www.diarioimagen.net\/index.php?rest_route=%2Fwp%2Fv2%2Fcategories&post=99624"},{"taxonomy":"post_tag","embeddable":true,"href":"https:\/\/www.diarioimagen.net\/index.php?rest_route=%2Fwp%2Fv2%2Ftags&post=99624"}],"curies":[{"name":"wp","href":"https:\/\/api.w.org\/{rel}","templated":true}]}}