{"id":99753,"date":"2012-08-08T00:01:56","date_gmt":"2012-08-08T05:01:56","guid":{"rendered":"http:\/\/www.diarioimagen.net\/?p=99753"},"modified":"2012-08-08T23:14:58","modified_gmt":"2012-08-09T04:14:58","slug":"camino-real-oaxaca-propiedad-del-fonatur-sera-en-octubre-proximo-quinta-real","status":"publish","type":"post","link":"https:\/\/www.diarioimagen.net\/?p=99753","title":{"rendered":"Camino Real Oaxaca, propiedad del Fonatur, ser\u00e1 en octubre pr\u00f3ximo Quinta Real"},"content":{"rendered":"<h2>De cinco estrellas<\/h2>\n<h5>Victoria Gonz\u00e1lez Prado<\/h5>\n<p>&nbsp;<\/p>\n<ul>\n<li><em><strong>Vacaciones saludables en Jamaica, adem\u00e1s de intensas y atractivas actividades<\/strong><\/em><\/li>\n<li><em><strong>La Feria Internacional de las M\u00e9ridas del Mundo reuni\u00f3 a empresarios de M\u00e9rida, Venezuela y Espa\u00f1a<\/strong><\/em><\/li>\n<li><em><strong>Hecho en Quintana Roo, una nueva marca que promover\u00e1 las MiPyMes<\/strong><\/em><\/li>\n<li><em><strong>Michael Bayley y Lisa Lutoff-Perlo estrenan cargos en naviera internacional<\/strong><\/em><\/li>\n<li><em><strong>Ahora tambi\u00e9n <\/strong><\/em><strong>United<\/strong><em><strong> presume su Boeing 787 <\/strong><\/em><strong>Dreamliner<\/strong><\/li>\n<\/ul>\n<div id=\"attachment_99815\" style=\"width: 250px\" class=\"wp-caption alignleft\"><a class=\"highslide\" onclick=\"return vz.expand(this)\" href=\"http:\/\/www.diarioimagen.net\/wp-content\/uploads\/2012\/08\/turismo-1910.jpg\"><img loading=\"lazy\" decoding=\"async\" aria-describedby=\"caption-attachment-99815\" class=\"size-medium wp-image-99815\" title=\"turismo-1910\" src=\"http:\/\/www.diarioimagen.net\/wp-content\/uploads\/2012\/08\/turismo-1910-240x128.jpg\" alt=\"\" width=\"240\" height=\"128\" \/><\/a><p id=\"caption-attachment-99815\" class=\"wp-caption-text\">En octubre, este hotel ser\u00e1 un Quinta Real en Oaxaca.<\/p><\/div>\n<p align=\"left\">Hotel Camino Real Oaxaca se convertir\u00e1 a mediados del mes de octubre pr\u00f3ximo en Quinta Real, as\u00ed lo dieron a conocer<strong> Olegario V\u00e1zquez Aldir<\/strong>, director general de Grupo Empresarial \u00c1ngeles y <strong>Eduardo Imay<\/strong>, director general de Grupo Real Turismo (GRT). El inmueble propiedad del Fondo Nacional de Fomento al Turismo (Fonatur) y se logra la transformaci\u00f3n mediante el acuerdo con el director del organismo, <strong>Enrique Carrillo Lavat<\/strong>, que prev\u00e9 una inversi\u00f3n de un mill\u00f3n de d\u00f3lares para la adaptaci\u00f3n de habitaciones, centros de consumo, amenidades, publicidad, marketing y relaciones p\u00fablicas. Cabe recordar que la migraci\u00f3n de Hotel Camino Real Oaxaca a la marca Quinta Real se contempl\u00f3 desde que la primera cadena adquiri\u00f3 a la segunda en abril de 2011, y es posible gracias a las caracter\u00edsticas arquitect\u00f3nicas e hist\u00f3ricas del inmueble, as\u00ed como a la inversi\u00f3n realizada por GRT. <strong>Eduardo Ymay <\/strong>dijo al respecto \u201cnuestro crecimiento en marcas y n\u00famero de hoteles va a la par con la mejora continua de nuestra oferta hotelera. Para Oaxaca es importante contar con un Hotel de Gran Clase, ya que su posicionamiento como destino de primer nivel le permite contar con una oferta para los viajeros que gustan del lujo.<\/p>\n<p>\u2730\u2730\u2730\u2730\u2730\u00a0La abundante y diversa topograf\u00eda de Jamaica, la variedad de platillos cultivados localmente y preparados al momento, son ideales para un estilo de vida saludable. Adem\u00e1s playas, selva y monta\u00f1as ofrecen una enorme cantidad de actividades: senderismo, ciclismo y nataci\u00f3n que mantienen a locales y visitantes activos y en buena forma. La cocina jamaicana, que tiene sus ra\u00edces en las tradiciones de la isla, evolucion\u00f3 como una fusi\u00f3n de varias culturas de todo el mundo, ha crecido hasta incluir el <em>jerk<\/em>, las empanadas, el bacalao, ak\u00ed y el chivo en curry. En agosto, Jamaica da la bienvenida a los viajeros para que exploren la salud y el bienestar con paquetes de cocina; recorridos hedonistas, paquetes de spa y ejercicio o cursos culinarios, encontrar\u00e1s oportunidades para mantenerte saludable y en buena forma en vacaciones. Para las parejas que necesitan alejarse y rejuvenecerse,\u00a0<em>Bluefields Bay\u00a0<\/em>ofrece el paquete <em>Recharge and Revitalize<\/em> (recarga y revitalizaci\u00f3n<strong>), <\/strong>que incluye actividades de pesca mar adentro de cinco horas; snorkel de dos horas, masajes deportivos, exfoliantes o de envoltura o con piedras calientes&#8230; Tambi\u00e9n se incluye un paquete de vino de lujo y traslado en helic\u00f3ptero (de entrada o salida) a <em>Bluefields Bay.<\/em> \u00a0Reserva antes del 19 de octubre de\u00a02012 y disfrute un 20% de descuento en una villa de dos habitaciones para dos hu\u00e9spedes con actividades todo incluido, impuestos y propinas por 6 mil 999 d\u00f3lares. \u00a0M\u00e1s informaci\u00f3n: <a href=\"http:\/\/recharge.bluefieldsvillas.com\/\" target=\"_blank\"><span style=\"text-decoration: underline;\">recharge.bluefieldsvillas.com<\/span><\/a><\/p>\n<p>\u2730\u2730\u2730\u2730\u2730<strong>\u00a0<\/strong>La Feria Internacional de las M\u00e9ridas del Mundo 2012, organizada por la Secretar\u00eda de Fomento Tur\u00edstico de Yucat\u00e1n se realiz\u00f3 en el sal\u00f3n Progreso del Centro de Convenciones Yucat\u00e1n Siglo XXI; con la participaci\u00f3n de autoridades locales y empresarios de M\u00e9rida, Venezuela y Espa\u00f1a, quienes con sus pares locales buscan fortalecer y consolidar acuerdos comerciales, acad\u00e9micos y culturales. Durante la inauguraci\u00f3n, autoridades y empresarios realizaron un recorrido por\u00a0 los 80 m\u00f3dulos que se instalaron donde hubo tambi\u00e9n una muestra de pinturas de artistas de M\u00e9rida y Venezuela. De acuerdo con declaraciones previas de <strong>Roberto D\u00edaz Ponce<\/strong>, presidente de la Asociaci\u00f3n de Empresarios de M\u00e9rida (AEME), el programa de actividades a realizar durante la feria comprende: muestras culturales y gastron\u00f3micas, conferencias y mesas de trabajo. Tambi\u00e9n el secretario de Turismo, <strong>Juan Jos\u00e9 Mart\u00edn Pacheco<\/strong>, y el director general de la Loter\u00eda Nacional, <strong>Benjam\u00edn Gonz\u00e1lez Roaro<\/strong>, presentaron el libro \u201cEl retorno de los mayas\u201d, de los autores <strong>Marte Trejo<\/strong> y <strong>Yuriria Robles<\/strong>.<\/p>\n<p align=\"left\">\u2730\u2730\u2730\u2730\u2730<strong>\u00a0<\/strong>\u201cHecho en Quintana Roo\u201d es la marca y distintivo que llevar\u00e1n los diversos productos hechos por las micro, peque\u00f1as y medianas empresas (MIPyMEs) del estado. El gobernador <strong>Roberto Borge Angulo<\/strong> asegur\u00f3 que el objetivo de la marca tiene la finalidad de fortalecer el eje del Competitivo del Plan Quintana Roo 2011-2016 y anunci\u00f3 que como complemento se invertir\u00e1n 2 millones de pesos en una campa\u00f1a de promoci\u00f3n, a fin de promover el consumo interno y los servicios que ofertan las MIPyMEs quintanarroenses. Se invitar\u00e1 a los micro, peque\u00f1os y medianos empresarios del estado al registro de sus productos con el c\u00f3digo de barras y marca, para que participen en este proyecto, que abrir\u00e1 el camino para que accedan a nuevos nichos de mercado. \u201cEsperamos beneficiar a m\u00e1s de 30 mil MIPyMEs que desarrollan diversas actividades y estimular el consumo interno con lo que consolidaremos cadenas de valor para inducir en el crecimiento y desarrollo de las empresas del estado y mejorar la calidad de vida de los quintanarroenses.<\/p>\n<p>\u2730\u2730\u2730\u2730\u2730<strong><\/strong><strong>\u00a0<\/strong>Michael Bayley es el nuevo <em>CEO de<\/em> <em>Celebrity Cruises<\/em>. Con m\u00e1s de 30 a\u00f1os ha ocupado cargos como vicepresidente ejecutivo<em> <\/em>de Operaciones, vicepresidente ejecutivo Internacional,<em> <\/em>con excelentes resultados en la expansi\u00f3n de la compa\u00f1\u00eda. En su nuevo cargo trabajar\u00e1 con <strong>Richard D. Fain<\/strong>, CEO de <em>Royal Caribbean. <\/em>Tambi\u00e9n fue designada <strong>Lisa Lutoff-Perlo<\/strong> como vicepresidente senior de Operaciones quien trabajar\u00e1 reportando directamente a <strong>Adam Goldstein<\/strong>. <strong>Lisa<\/strong> con<em> <\/em>m\u00e1s de 27 a\u00f1os en la naviera ha estado en <em>Celebrity Cruises<\/em> y <em>Royal Caribbean International.<\/em> Fue vicepresidente senior de Operaciones de <em>Royal Caribbean<\/em>, adem\u00e1s de trabajar en el proyecto de incluir a la flota de <em>Celebrity<\/em> a la\u00a0 clase <em>Celebrity Solstice.<\/em><\/p>\n<p align=\"left\">\u2730\u2730\u2730\u2730\u2730<strong>\u00a0<\/strong>El<strong> <\/strong>nuevo <em>Boeing 787<\/em> <em>Dreamliner<\/em> para <em>United Airlines<\/em>, el avi\u00f3n que todas las aerol\u00edneas est\u00e1n adquiriendo revolucionar\u00e1 como ya hemos dicho la experiencia de volar brindando una eficiencia operativa, confort y menos contaminaci\u00f3n. Ahora\u00a0 <em>United <\/em>present\u00f3 su primer 787 luego de que \u00e9ste sali\u00f3 del hangar de pintura en las instalaciones de <em>Boeing <\/em>en Everett, Washington y que lo tendr\u00e1 en septiembre, adem\u00e1s de otros 50 787 que se ir\u00e1n entregando desde ahora al a\u00f1o 2019. Fabricado principalmente con materiales compuestos, el 787 ofrece una autonom\u00eda de vuelo 30% mayor y consume 20% menos combustible abatiendo al mismo tiempo las emisiones y el ruido durante el despegue y el aterrizaje. Con estas ventajas, el 787 abrir\u00e1 para <em>United <\/em>nuevos destinos sin escalas como Denver-Tokio a partir de la primavera pr\u00f3xima. La cabina del avi\u00f3n est\u00e1 configurada con 36 asientos en<em> Business First,<\/em> 72 en <em>Economy Plus<\/em> y 111 en <em>Economy<\/em>. Viajar\u00e1n con mayor comodidad, gracias a un mejor sistema de iluminaci\u00f3n, ventanillas m\u00e1s grandes, portaequipajes de mayor tama\u00f1o, menor altitud de presurizaci\u00f3n de la cabina y sistemas mejorados de ventilaci\u00f3n. Adem\u00e1s el entretenimiento a bordo del 787 tiene un nuevo dise\u00f1o que ofrece una navegaci\u00f3n m\u00e1s intuitiva y m\u00e1s opciones de filtros, con opciones de diversos idiomas. La presentaci\u00f3n del avi\u00f3n permiti\u00f3 ver por primera vez los interiores as\u00ed como los colores distintivos exclusivos de la flota, en los que destaca una l\u00ednea dorada a lo largo del fuselaje en forma de onda que se prolonga de la nariz a la cola. Los colores est\u00e1 inspirados en el dise\u00f1o caracter\u00edstico de los aviones <em>Boeing <\/em>y ha sido adoptado por <em>United<\/em> para el 787 como un homenaje a la larga trayectoria de colaboraci\u00f3n que une a ambas empresas.<\/p>\n<p align=\"left\"><em><a href=\"mailto:victoriagprado@gmail.com\" target=\"_blank\">victoriagprado@gmail.com<\/a><\/em><\/p>\n","protected":false},"excerpt":{"rendered":"<p>Hotel Camino Real Oaxaca se convertir\u00e1 a mediados del mes de octubre pr\u00f3ximo en Quinta Real, as\u00ed lo dieron a conocer<strong> Olegario V\u00e1zquez Aldir<\/strong>, director general de Grupo Empresarial \u00c1ngeles y <strong>Eduardo Imay<\/strong>, director general de Grupo Real Turismo (GRT). <\/p>\n","protected":false},"author":3,"featured_media":0,"comment_status":"open","ping_status":"open","sticky":false,"template":"","format":"standard","meta":{"_monsterinsights_skip_tracking":false,"_monsterinsights_sitenote_active":false,"_monsterinsights_sitenote_note":"","_monsterinsights_sitenote_category":0,"footnotes":""},"categories":[11],"tags":[107,5520,22872,43681,106],"class_list":["post-99753","post","type-post","status-publish","format-standard","hentry","category-turismo","tag-de-cinco-estrellas","tag-fonatur","tag-grupo-real-turismo","tag-turismo","tag-victoria-gonzalez-prado"],"_links":{"self":[{"href":"https:\/\/www.diarioimagen.net\/index.php?rest_route=\/wp\/v2\/posts\/99753","targetHints":{"allow":["GET"]}}],"collection":[{"href":"https:\/\/www.diarioimagen.net\/index.php?rest_route=\/wp\/v2\/posts"}],"about":[{"href":"https:\/\/www.diarioimagen.net\/index.php?rest_route=\/wp\/v2\/types\/post"}],"author":[{"embeddable":true,"href":"https:\/\/www.diarioimagen.net\/index.php?rest_route=\/wp\/v2\/users\/3"}],"replies":[{"embeddable":true,"href":"https:\/\/www.diarioimagen.net\/index.php?rest_route=%2Fwp%2Fv2%2Fcomments&post=99753"}],"version-history":[{"count":0,"href":"https:\/\/www.diarioimagen.net\/index.php?rest_route=\/wp\/v2\/posts\/99753\/revisions"}],"wp:attachment":[{"href":"https:\/\/www.diarioimagen.net\/index.php?rest_route=%2Fwp%2Fv2%2Fmedia&parent=99753"}],"wp:term":[{"taxonomy":"category","embeddable":true,"href":"https:\/\/www.diarioimagen.net\/index.php?rest_route=%2Fwp%2Fv2%2Fcategories&post=99753"},{"taxonomy":"post_tag","embeddable":true,"href":"https:\/\/www.diarioimagen.net\/index.php?rest_route=%2Fwp%2Fv2%2Ftags&post=99753"}],"curies":[{"name":"wp","href":"https:\/\/api.w.org\/{rel}","templated":true}]}}