{"id":99898,"date":"2012-08-09T00:03:19","date_gmt":"2012-08-09T05:03:19","guid":{"rendered":"http:\/\/www.diarioimagen.net\/?p=99898"},"modified":"2012-08-10T00:13:43","modified_gmt":"2012-08-10T05:13:43","slug":"las-protestas-empresariales","status":"publish","type":"post","link":"https:\/\/www.diarioimagen.net\/?p=99898","title":{"rendered":"Las protestas empresariales"},"content":{"rendered":"<h2>Detr\u00e1s del Poder<\/h2>\n<h5>Jos\u00e9 Antonio L\u00f3pez Sosa<\/h5>\n<p><span><br \/>\nLas agrupaciones empresariales est\u00e1n en su leg\u00edtimo derecho (y hasta donde alcance su dinero) de publicar desplegados en la prensa nacional, siempre es importante escuchar la voz de quienes poseen los medios de producci\u00f3n y el capital\u00a0en el pa\u00eds.<\/span><\/p>\n<p>A \u00faltimas fechas, han coincidido diversas agrupaciones empresariales en sus distintos desplegados: en ellos se exhorta a la unidad, a no polarizar a la sociedad principalmente enviando el mensaje a las izquierdas por el conflicto postelectoral.<\/p>\n<p>Hablan de frenar los ataques contra las empresas, haciendo referencia a lo que ha padecido Soriana a \u00faltimas fechas y de los cuales irresponsablemente la directiva de esta empresa ha acusado a L\u00f3pez Obrador, Monreal y las izquierdas.<\/p>\n<p>En efecto son condenables los ataques y agresiones a cualquier empresa o persona en nuestro pa\u00eds, ahora bien, no encuentro alguna invitaci\u00f3n a la violencia o contra los empresarios por parte de L\u00f3pez Obrador y su coalici\u00f3n.<\/p>\n<p>Me parece extra\u00f1o que estas mismas agrupaciones empresariales no manifiesten p\u00fablicamente su descontento ante la violencia sistem\u00e1tica que desde el a\u00f1o 2006 ha sometido a miles de empresas, peque\u00f1as, medianas y grandes \u2013as\u00ed como a ciudadanos y comunidades enteras\u2014a episodios parecidos a una guerra civil.<\/p>\n<p>\u00bfCu\u00e1ntas empresas y empresarios han tenido que cerrar y huir del pa\u00eds?, \u00bfcu\u00e1ntos empresarios han sido secuestrados por criminales en los \u00faltimos a\u00f1os?, \u00bfcu\u00e1ndos criminales se han disfrazado de empresarios y han lavado dinero a costa del prestigio de la clase empresarial?, \u00bfcu\u00e1ntas empresas m\u00e1s cerrar\u00e1n hoy o ma\u00f1ana en las ciudades del norte del pa\u00eds como consecuencia de la guerra contra el crimen organizado?<\/p>\n<p>Ese tema no es prioritario para estos grupos empresariales, est\u00e1n m\u00e1s preocupados por un conflicto postelectoral que est\u00e1 en manos del Tribunal Electoral.<\/p>\n<p align=\"center\"><strong>PARA MUESTRA UN BOT\u00d3N<\/strong><\/p>\n<p>Ayer en Ciudad Nezahualc\u00f3yotl un bar fue irrumpido por un comando armado, como suele suceder en el norte del pa\u00eds ultimaron a personas con la impunidad que solo en un pa\u00eds como este se suele dar.<\/p>\n<p>\u00bfA estos empresarios qui\u00e9n los defiende?<\/p>\n<p><em><a href=\"mailto:lopez.sosa@mexico.com\" target=\"_blank\">lopez.sosa@mexico.com<\/a><\/em><br \/>\n<em><a href=\"http:\/\/twitter.com\/#%21\/joseantonio1977\" target=\"_blank\">@joseantonio1977<br \/>\n<\/a><\/em><em><a href=\"http:\/\/www.formulaconfidencial.com.mx\" target=\"_blank\">www.formulaconfidencial.com.mx<\/a><\/em><\/p>\n","protected":false},"excerpt":{"rendered":"<p><span style=\"color: #005497;\"><strong>Jos\u00e9 Antonio L\u00f3pez Sosa<\/strong><\/span><\/p>\n","protected":false},"author":3,"featured_media":0,"comment_status":"open","ping_status":"open","sticky":false,"template":"","format":"standard","meta":{"_monsterinsights_skip_tracking":false,"_monsterinsights_sitenote_active":false,"_monsterinsights_sitenote_note":"","_monsterinsights_sitenote_category":0,"footnotes":""},"categories":[637],"tags":[1352,638,43690,43674,3675],"class_list":["post-99898","post","type-post","status-publish","format-standard","hentry","category-jose-antonio-lopez-sosa","tag-andres-manuel-lopez-obrador","tag-detras-del-poder","tag-jose-antonio-lopez-sosa","tag-opinion","tag-ricardo-monreal-avila"],"_links":{"self":[{"href":"https:\/\/www.diarioimagen.net\/index.php?rest_route=\/wp\/v2\/posts\/99898","targetHints":{"allow":["GET"]}}],"collection":[{"href":"https:\/\/www.diarioimagen.net\/index.php?rest_route=\/wp\/v2\/posts"}],"about":[{"href":"https:\/\/www.diarioimagen.net\/index.php?rest_route=\/wp\/v2\/types\/post"}],"author":[{"embeddable":true,"href":"https:\/\/www.diarioimagen.net\/index.php?rest_route=\/wp\/v2\/users\/3"}],"replies":[{"embeddable":true,"href":"https:\/\/www.diarioimagen.net\/index.php?rest_route=%2Fwp%2Fv2%2Fcomments&post=99898"}],"version-history":[{"count":0,"href":"https:\/\/www.diarioimagen.net\/index.php?rest_route=\/wp\/v2\/posts\/99898\/revisions"}],"wp:attachment":[{"href":"https:\/\/www.diarioimagen.net\/index.php?rest_route=%2Fwp%2Fv2%2Fmedia&parent=99898"}],"wp:term":[{"taxonomy":"category","embeddable":true,"href":"https:\/\/www.diarioimagen.net\/index.php?rest_route=%2Fwp%2Fv2%2Fcategories&post=99898"},{"taxonomy":"post_tag","embeddable":true,"href":"https:\/\/www.diarioimagen.net\/index.php?rest_route=%2Fwp%2Fv2%2Ftags&post=99898"}],"curies":[{"name":"wp","href":"https:\/\/api.w.org\/{rel}","templated":true}]}}