{"id":99935,"date":"2012-08-09T00:08:30","date_gmt":"2012-08-09T05:08:30","guid":{"rendered":"http:\/\/www.diarioimagen.net\/?p=99935"},"modified":"2012-08-09T04:18:41","modified_gmt":"2012-08-09T09:18:41","slug":"fortalecen-atencion-a-los-migrantes-y-sus-familias","status":"publish","type":"post","link":"https:\/\/www.diarioimagen.net\/?p=99935","title":{"rendered":"Fortalecen atenci\u00f3n a los migrantes y sus familias"},"content":{"rendered":"<ul>\n<li><strong><em>Reforma a la Ley de Desarrollo Social<\/em><\/strong><\/li>\n<\/ul>\n<div id=\"attachment_99978\" style=\"width: 250px\" class=\"wp-caption alignleft\"><a class=\"highslide\" onclick=\"return vz.expand(this)\" href=\"http:\/\/www.diarioimagen.net\/wp-content\/uploads\/2012\/08\/CONGRESO-1911.jpg\"><img loading=\"lazy\" decoding=\"async\" aria-describedby=\"caption-attachment-99978\" class=\"size-medium wp-image-99978\" title=\"CONGRESO-1911\" src=\"http:\/\/www.diarioimagen.net\/wp-content\/uploads\/2012\/08\/CONGRESO-1911-240x125.jpg\" alt=\"\" width=\"240\" height=\"125\" \/><\/a><p id=\"caption-attachment-99978\" class=\"wp-caption-text\">El Congreso mexiquense reform\u00f3 la Ley de Desarrollo Social para ofrecer est\u00edmulos a los migrantes y que retornen a sus lugares de origen.<\/p><\/div>\n<p><strong>Toluca, Estado de M\u00e9xico<\/strong>.- Fortalecer la atenci\u00f3n institucional de las familias de los migrantes en sus lugares de origen y combatir de mejor manera el fen\u00f3meno migratorio, son los objetivos de las reformas a la Ley de Desarrollo Social y Org\u00e1nica Municipal\u00a0 que la LVII Legislatura del Estado de M\u00e9xico aprob\u00f3 en beneficio de los migrantes mexiquenses.<\/p>\n<p>De acuerdo con datos de la Coordinaci\u00f3n de Asuntos Internacionales del gobierno estatal \u2014en los \u00faltimos tres a\u00f1os\u2014 anualmente emigran, principalmente a los Estados Unidos de Am\u00e9rica, mexiquenses originarios de municipios como Tonatico, Ixtapan de la Sal, Coatepec Harinas y Tejupilco.<\/p>\n<p>Por lo que la Legislatura aval\u00f3 reformas al art\u00edculo 12 de la Ley de Desarrollo Social \u2014propuesta por el diputado Jacob V\u00e1zquez Castillo\u2014\u00a0 para incorporar a los migrantes y a sus familias, como grupos o sectores beneficiados en la elaboraci\u00f3n, ejecuci\u00f3n, seguimiento y evaluaci\u00f3n de la Pol\u00edtica de Desarrollo Social.<\/p>\n<p>De esta forma, al igual que la poblaci\u00f3n ind\u00edgena, mujeres, ni\u00f1os y adolescentes, adultos mayores y \u00a0discapacitados, las\u00a0 familias de los migrantes se consideran como grupos o sectores que merecen especial atenci\u00f3n en las pol\u00edticas de desarrollo social estatal y municipal, de acuerdo con esta reforma, en vigor desde el 15 de diciembre de 2010.<\/p>\n<p>Por otro lado, el diputado Juan Manuel Trujillo Mondrag\u00f3n, propuso reformar el art\u00edculo 69 de la Ley Org\u00e1nica Municipal del Estado de M\u00e9xico \u2013en vigencia desde el 6 de septiembre de 2011- para la creaci\u00f3n de comisiones de asuntos migratorios, con el car\u00e1cter de permanentes, principalmente en los municipios donde se acent\u00faa el fen\u00f3meno migratorio.<\/p>\n","protected":false},"excerpt":{"rendered":"<p>Fortalecer la atenci\u00f3n institucional de las familias de los migrantes en sus lugares de origen y combatir de mejor manera el fen\u00f3meno migratorio, son los objetivos de las reformas a la Ley de Desarrollo Social y Org\u00e1nica Municipal  que la LVII Legislatura del Estado de M\u00e9xico aprob\u00f3 en beneficio de los migrantes mexiquenses.<\/p>\n","protected":false},"author":3,"featured_media":0,"comment_status":"open","ping_status":"open","sticky":false,"template":"","format":"standard","meta":{"_monsterinsights_skip_tracking":false,"_monsterinsights_sitenote_active":false,"_monsterinsights_sitenote_note":"","_monsterinsights_sitenote_category":0,"footnotes":""},"categories":[5],"tags":[43675,16411,452],"class_list":["post-99935","post","type-post","status-publish","format-standard","hentry","category-estado-de-mexico","tag-estado-de-mexico","tag-familias","tag-toluca"],"_links":{"self":[{"href":"https:\/\/www.diarioimagen.net\/index.php?rest_route=\/wp\/v2\/posts\/99935","targetHints":{"allow":["GET"]}}],"collection":[{"href":"https:\/\/www.diarioimagen.net\/index.php?rest_route=\/wp\/v2\/posts"}],"about":[{"href":"https:\/\/www.diarioimagen.net\/index.php?rest_route=\/wp\/v2\/types\/post"}],"author":[{"embeddable":true,"href":"https:\/\/www.diarioimagen.net\/index.php?rest_route=\/wp\/v2\/users\/3"}],"replies":[{"embeddable":true,"href":"https:\/\/www.diarioimagen.net\/index.php?rest_route=%2Fwp%2Fv2%2Fcomments&post=99935"}],"version-history":[{"count":0,"href":"https:\/\/www.diarioimagen.net\/index.php?rest_route=\/wp\/v2\/posts\/99935\/revisions"}],"wp:attachment":[{"href":"https:\/\/www.diarioimagen.net\/index.php?rest_route=%2Fwp%2Fv2%2Fmedia&parent=99935"}],"wp:term":[{"taxonomy":"category","embeddable":true,"href":"https:\/\/www.diarioimagen.net\/index.php?rest_route=%2Fwp%2Fv2%2Fcategories&post=99935"},{"taxonomy":"post_tag","embeddable":true,"href":"https:\/\/www.diarioimagen.net\/index.php?rest_route=%2Fwp%2Fv2%2Ftags&post=99935"}],"curies":[{"name":"wp","href":"https:\/\/api.w.org\/{rel}","templated":true}]}}