{"id":99937,"date":"2012-08-09T00:07:49","date_gmt":"2012-08-09T05:07:49","guid":{"rendered":"http:\/\/www.diarioimagen.net\/?p=99937"},"modified":"2012-08-09T04:19:46","modified_gmt":"2012-08-09T09:19:46","slug":"felipe-calderon-hinojosa-promulga-la-reforma-politica","status":"publish","type":"post","link":"https:\/\/www.diarioimagen.net\/?p=99937","title":{"rendered":"Felipe Calder\u00f3n Hinojosa promulga la reforma pol\u00edtica"},"content":{"rendered":"<div>\n<ul>\n<li><strong><em>El Presidente de la Rep\u00fablica se\u00f1ala que permitir\u00e1 fortalecer las instituciones y dar a la ciudadan\u00eda m\u00e1s representaci\u00f3n pol\u00edtica<\/em><\/strong><\/li>\n<\/ul>\n<\/div>\n<div id=\"attachment_99980\" style=\"width: 250px\" class=\"wp-caption alignleft\"><a class=\"highslide\" onclick=\"return vz.expand(this)\" href=\"http:\/\/www.diarioimagen.net\/wp-content\/uploads\/2012\/08\/CALDERON-1911.jpg\"><img loading=\"lazy\" decoding=\"async\" aria-describedby=\"caption-attachment-99980\" class=\"size-medium wp-image-99980\" title=\"CALDERON-1911\" src=\"http:\/\/www.diarioimagen.net\/wp-content\/uploads\/2012\/08\/CALDERON-1911-240x136.jpg\" alt=\"\" width=\"240\" height=\"136\" \/><\/a><p id=\"caption-attachment-99980\" class=\"wp-caption-text\">El presidente Felipe Calder\u00f3n da lectura al decreto que promulga las reformas a la Constituci\u00f3n en materia pol\u00edtica.<\/p><\/div>\n<p>El presidente Felipe Calder\u00f3n Hinojosa decret\u00f3 y promulg\u00f3 la reforma pol\u00edtica que, a su decir, permitir\u00e1 fortalecer las instituciones y dar a la ciudadan\u00eda m\u00e1s representaci\u00f3n pol\u00edtica.<\/p>\n<p>Durante una ceremonia en Palacio Nacional, el mandatario reconoci\u00f3 la labor de los legisladores para aprobar ese proceso que, asegur\u00f3, permitir\u00e1 pasar del sufragio efectivo a la democracia efectiva.<\/p>\n<p>Subray\u00f3 que la reforma aprobada en el Congreso de la Uni\u00f3n, en la que se reforman y adicionan disposiciones de la Constituci\u00f3n Pol\u00edtica, \u201crepresenta un paso importante en la evoluci\u00f3n del r\u00e9gimen democr\u00e1tico, participativo y plural que los mexicanos nos hemos dado\u201d.<\/p>\n<p>Reconoci\u00f3 que \u201cfalta mucho por hacer\u201d, pues en a\u00f1os y d\u00e9cadas se ha aprendido que \u201cel perfeccionamiento de las instituciones democr\u00e1ticas es un ejercicio siempre inacabado\u201d.<\/p>\n<p>Calder\u00f3n Hinojosa enfatiz\u00f3 que, no obstante, \u201csiempre es posible encontrar los instrumentos que permitan acercar la voluntad ciudadana a la representaci\u00f3n ciudadana\u201d.<\/p>\n<p>En la ceremonia en el sal\u00f3n Tesorer\u00eda estuvieron los presidentes de la Suprema Corte de Justicia de la Naci\u00f3n (SCJN), Juan Silva Meza; del Instituto Federal Electoral (IFE), Leonardo Vald\u00e9s; del Senado de la Rep\u00fablica, Jos\u00e9 Gonz\u00e1lez Morf\u00edn; del PRI, Pedro Joaqu\u00edn Coldwell; del PAN, Gustavo Madero, y legisladores, entre otros.<\/p>\n<p>Acompa\u00f1ado por el secretario de Gobernaci\u00f3n, Alejandro Poir\u00e9, el Ejecutivo federal plante\u00f3 que el fortalecimiento de la democracia requiere del constante perfeccionamiento de las instituciones y de los poderes, para hacerlos m\u00e1s funcionales y \u00fatiles a los ciudadanos.<\/p>\n<p>Destac\u00f3 que con esas reformas se da m\u00e1s poder a la poblaci\u00f3n, al otorgarle el derecho de presentar las iniciativas de ley que considere pertinentes para definir el rumbo del pa\u00eds, con lo que se amplia esa facultad que antes era s\u00f3lo del Legislativo y del Ejecutivo.<\/p>\n","protected":false},"excerpt":{"rendered":"<p>El presidente Felipe Calder\u00f3n Hinojosa decret\u00f3 y promulg\u00f3 la reforma pol\u00edtica que, a su decir, permitir\u00e1 fortalecer las instituciones y dar a la ciudadan\u00eda m\u00e1s representaci\u00f3n pol\u00edtica.<\/p>\n","protected":false},"author":3,"featured_media":0,"comment_status":"open","ping_status":"open","sticky":false,"template":"","format":"standard","meta":{"_monsterinsights_skip_tracking":false,"_monsterinsights_sitenote_active":false,"_monsterinsights_sitenote_note":"","_monsterinsights_sitenote_category":0,"footnotes":""},"categories":[3],"tags":[2578,43673,1392,1584],"class_list":["post-99937","post","type-post","status-publish","format-standard","hentry","category-nacional","tag-instituto-federal-electoral","tag-nacional","tag-reforma-politica","tag-suprema-corte-de-justicia-de-la-nacion"],"_links":{"self":[{"href":"https:\/\/www.diarioimagen.net\/index.php?rest_route=\/wp\/v2\/posts\/99937","targetHints":{"allow":["GET"]}}],"collection":[{"href":"https:\/\/www.diarioimagen.net\/index.php?rest_route=\/wp\/v2\/posts"}],"about":[{"href":"https:\/\/www.diarioimagen.net\/index.php?rest_route=\/wp\/v2\/types\/post"}],"author":[{"embeddable":true,"href":"https:\/\/www.diarioimagen.net\/index.php?rest_route=\/wp\/v2\/users\/3"}],"replies":[{"embeddable":true,"href":"https:\/\/www.diarioimagen.net\/index.php?rest_route=%2Fwp%2Fv2%2Fcomments&post=99937"}],"version-history":[{"count":0,"href":"https:\/\/www.diarioimagen.net\/index.php?rest_route=\/wp\/v2\/posts\/99937\/revisions"}],"wp:attachment":[{"href":"https:\/\/www.diarioimagen.net\/index.php?rest_route=%2Fwp%2Fv2%2Fmedia&parent=99937"}],"wp:term":[{"taxonomy":"category","embeddable":true,"href":"https:\/\/www.diarioimagen.net\/index.php?rest_route=%2Fwp%2Fv2%2Fcategories&post=99937"},{"taxonomy":"post_tag","embeddable":true,"href":"https:\/\/www.diarioimagen.net\/index.php?rest_route=%2Fwp%2Fv2%2Ftags&post=99937"}],"curies":[{"name":"wp","href":"https:\/\/api.w.org\/{rel}","templated":true}]}}